{"id":1027,"date":"2014-02-12T18:00:04","date_gmt":"2014-02-12T17:00:04","guid":{"rendered":"http:\/\/andreamonda.it\/?p=1027"},"modified":"2014-02-12T18:00:04","modified_gmt":"2014-02-12T17:00:04","slug":"parole-perdute-morte2","status":"publish","type":"post","link":"https:\/\/andreamonda.it\/?p=1027","title":{"rendered":"Parole perdute: Morte\/2"},"content":{"rendered":"<div id=\"ctl00_PlaceHolderMain_ctl00_ctl08__ControlWrapper_RichHtmlField\"><img loading=\"lazy\" decoding=\"async\" class=\"alignleft size-medium wp-image-1028\" alt=\"ave maria segantini\" src=\"https:\/\/andreamonda.it\/wp-content\/uploads\/2014\/02\/ave-maria-segantini-226x300.jpg\" width=\"226\" height=\"300\" srcset=\"https:\/\/andreamonda.it\/wp-content\/uploads\/2014\/02\/ave-maria-segantini-226x300.jpg 226w, https:\/\/andreamonda.it\/wp-content\/uploads\/2014\/02\/ave-maria-segantini.jpg 726w\" sizes=\"auto, (max-width: 226px) 100vw, 226px\" \/>\u00abSapete come si chiama il giorno della morte nel cristianesimo?\u00bb, nessuna risposta, i ragazzi non amano parlare della morte e non sanno molto del cristianesimo: \u00abSi chiama dies natalis il giorno della nascita, dell&#8217;entrata nella vita piena\u00bb. Li ho colpiti: la paradossale dimensione della gioia cristiana, anche di fronte al buio che proviene dalla presenza misteriosa della morte li scuote, li irrita, li interroga. \u00abIo non trovo nulla di bello nella morte, che c&#8217;\u00e8 da gioire?\u00bb, dice sbadigliando Nicola, ultimo anno di liceo, in questa prima ora di una fredda e piovosa mattina di febbraio. Cerco di spiegargli che non c&#8217;\u00e8 bellezza nella morte, ma una cosa \u00e8 pensare che la morte sia solo la fine, l&#8217;interruzione di tutto, il vicolo cieco in cui ci si ritrova dopo il viaggio della vita, un&#8217;altra cosa \u00e8 credere che quella fine sia un confine, un momento di passaggio, un&#8217;apertura verso un &#8220;venire alla luce&#8221; pi\u00f9 grande di quello della nostra nascita. \u00abMa la morte non \u00e8 nulla \u2013 riprende Giacomo \u2013 non \u00e8 nulla perch\u00e9 dopo non esiste nulla, la morte non mi riguarda, come diceva Epicuro\u00bb. Tre anni di filosofia hanno il loro peso. Colgo l&#8217;occasione per sottoporre a critica la visione epicurea per cui \u00abla morte non \u00e8 nulla per noi, giacch\u00e9 quando noi siamo la morte non \u00e8 venuta, e quando \u00e8 venuta non siamo pi\u00f9\u00bb, che affascina, forse per il suggestivo e consolante gioco dialettico che provo a smontare ripartendo dall&#8217;evento opposto alla morte, la nascita. \u00abLa societ\u00e0 odierna ha finito con il pensare, un po&#8217; come Epicuro, che la morte non faccia parte della vita, che la morte sia l&#8217;opposto della vita, ma non \u00e8 cos\u00ec. La morte \u00e8 l&#8217;opposto della nascita, non della vita. Entrambe fanno parte della vita, anzi ne sono gli ingredienti salienti, le due colonne che reggono la nostra esistenza sulle quali per\u00f2 non riflettiamo, la prima perch\u00e9 persa nell&#8217;oblio, la seconda perch\u00e9 rimossa a causa dell&#8217;angoscia che l&#8217;avvolge. Eppure, il vivente \u00e8 un morente e il morente \u00e8 un vivente. La morte non si subisce come un corpo estraneo che irrompe all&#8217;improvviso ma fa parte della vita e getta una luce sul suo mistero, come momento della verit\u00e0. La morte si vive e si vive con lo stesso stile con cui si \u00e8 vissuta la vita\u00bb.<br \/>\nDifficile far rientrare dalla finestra ci\u00f2 che \u00e8 stato sbattuto fuori dalla porta, la morte, quell&#8217;ospite sgradito che \u00e8 stato rimosso come un veicolo in sosta vietata; ma oggi, in Occidente, \u00e8 la sosta stessa a essere vietata: non ci si pu\u00f2 fermare, magari sostare un attimo a meditare, no, nessuna interruzione al flusso frenetico del fare, produrre e del consumare, un flusso questo s\u00ec, che puzza di morte.<\/div>\n<div><span class=\"Apple-style-span\" style=\"font-family: Magra, Arial, Helvetica, sans-serif; font-weight: normal; line-height: normal;\"><span class=\"Apple-style-span\" style=\"font-family: Magra, Arial, Helvetica, sans-serif; font-weight: normal; line-height: normal;\"><\/span><\/span><\/p>\n<div class=\"ms-rtestate-field\" id=\"ctl00_PlaceHolderMain_ctl00_ctl08__ControlWrapper_RichHtmlField\" style=\"word-wrap: break-word; display: inline;\"><\/div>\n<\/div>\n","protected":false},"excerpt":{"rendered":"<p>\u00abSapete come si chiama il giorno della morte nel cristianesimo?\u00bb, nessuna risposta, i ragazzi non amano parlare della morte e non sanno molto del cristianesimo: \u00abSi chiama dies natalis il giorno della nascita, dell&#8217;entrata nella vita piena\u00bb. Li ho colpiti: &hellip; <a href=\"https:\/\/andreamonda.it\/?p=1027\">Continua a leggere<span class=\"meta-nav\">&rarr;<\/span><\/a><\/p>\n","protected":false},"author":2,"featured_media":0,"comment_status":"open","ping_status":"closed","sticky":false,"template":"","format":"standard","meta":{"footnotes":""},"categories":[7,9],"tags":[],"class_list":["post-1027","post","type-post","status-publish","format-standard","hentry","category-chiesabibbia","category-scuola"],"yoast_head":"<!-- This site is optimized with the Yoast SEO plugin v27.5 - https:\/\/yoast.com\/product\/yoast-seo-wordpress\/ -->\n<title>Parole perdute: Morte\/2 - RI-PENSANDO-CI<\/title>\n<meta name=\"robots\" content=\"index, follow, max-snippet:-1, max-image-preview:large, max-video-preview:-1\" \/>\n<link rel=\"canonical\" href=\"https:\/\/andreamonda.it\/?p=1027\" \/>\n<meta property=\"og:locale\" content=\"it_IT\" \/>\n<meta property=\"og:type\" content=\"article\" \/>\n<meta property=\"og:title\" content=\"Parole perdute: Morte\/2 - RI-PENSANDO-CI\" \/>\n<meta property=\"og:description\" content=\"\u00abSapete come si chiama il giorno della morte nel cristianesimo?\u00bb, nessuna risposta, i ragazzi non amano parlare della morte e non sanno molto del cristianesimo: \u00abSi chiama dies natalis il giorno della nascita, dell&#8217;entrata nella vita piena\u00bb. Li ho colpiti: &hellip; Continua a leggere&rarr;\" \/>\n<meta property=\"og:url\" content=\"https:\/\/andreamonda.it\/?p=1027\" \/>\n<meta property=\"og:site_name\" content=\"RI-PENSANDO-CI\" \/>\n<meta property=\"article:published_time\" content=\"2014-02-12T17:00:04+00:00\" \/>\n<meta property=\"og:image\" content=\"https:\/\/andreamonda.it\/wp-content\/uploads\/2014\/02\/ave-maria-segantini-226x300.jpg\" \/>\n<meta name=\"author\" content=\"Andrea Monda\" \/>\n<meta name=\"twitter:label1\" content=\"Scritto da\" \/>\n\t<meta name=\"twitter:data1\" content=\"Andrea Monda\" \/>\n\t<meta name=\"twitter:label2\" content=\"Tempo di lettura stimato\" \/>\n\t<meta name=\"twitter:data2\" content=\"2 minuti\" \/>\n<script type=\"application\/ld+json\" class=\"yoast-schema-graph\">{\"@context\":\"https:\\\/\\\/schema.org\",\"@graph\":[{\"@type\":\"Article\",\"@id\":\"https:\\\/\\\/andreamonda.it\\\/?p=1027#article\",\"isPartOf\":{\"@id\":\"https:\\\/\\\/andreamonda.it\\\/?p=1027\"},\"author\":{\"name\":\"Andrea Monda\",\"@id\":\"https:\\\/\\\/andreamonda.it\\\/#\\\/schema\\\/person\\\/590cbeb42cfebc67374a49bbd6d3293d\"},\"headline\":\"Parole perdute: Morte\\\/2\",\"datePublished\":\"2014-02-12T17:00:04+00:00\",\"mainEntityOfPage\":{\"@id\":\"https:\\\/\\\/andreamonda.it\\\/?p=1027\"},\"wordCount\":452,\"commentCount\":0,\"publisher\":{\"@id\":\"https:\\\/\\\/andreamonda.it\\\/#\\\/schema\\\/person\\\/590cbeb42cfebc67374a49bbd6d3293d\"},\"image\":{\"@id\":\"https:\\\/\\\/andreamonda.it\\\/?p=1027#primaryimage\"},\"thumbnailUrl\":\"https:\\\/\\\/andreamonda.it\\\/wp-content\\\/uploads\\\/2014\\\/02\\\/ave-maria-segantini-226x300.jpg\",\"articleSection\":[\"Chiesa\\\/Bibbia\",\"Scuola\"],\"inLanguage\":\"it-IT\",\"potentialAction\":[{\"@type\":\"CommentAction\",\"name\":\"Comment\",\"target\":[\"https:\\\/\\\/andreamonda.it\\\/?p=1027#respond\"]}]},{\"@type\":\"WebPage\",\"@id\":\"https:\\\/\\\/andreamonda.it\\\/?p=1027\",\"url\":\"https:\\\/\\\/andreamonda.it\\\/?p=1027\",\"name\":\"Parole perdute: Morte\\\/2 - RI-PENSANDO-CI\",\"isPartOf\":{\"@id\":\"https:\\\/\\\/andreamonda.it\\\/#website\"},\"primaryImageOfPage\":{\"@id\":\"https:\\\/\\\/andreamonda.it\\\/?p=1027#primaryimage\"},\"image\":{\"@id\":\"https:\\\/\\\/andreamonda.it\\\/?p=1027#primaryimage\"},\"thumbnailUrl\":\"https:\\\/\\\/andreamonda.it\\\/wp-content\\\/uploads\\\/2014\\\/02\\\/ave-maria-segantini-226x300.jpg\",\"datePublished\":\"2014-02-12T17:00:04+00:00\",\"breadcrumb\":{\"@id\":\"https:\\\/\\\/andreamonda.it\\\/?p=1027#breadcrumb\"},\"inLanguage\":\"it-IT\",\"potentialAction\":[{\"@type\":\"ReadAction\",\"target\":[\"https:\\\/\\\/andreamonda.it\\\/?p=1027\"]}]},{\"@type\":\"ImageObject\",\"inLanguage\":\"it-IT\",\"@id\":\"https:\\\/\\\/andreamonda.it\\\/?p=1027#primaryimage\",\"url\":\"https:\\\/\\\/andreamonda.it\\\/wp-content\\\/uploads\\\/2014\\\/02\\\/ave-maria-segantini.jpg\",\"contentUrl\":\"https:\\\/\\\/andreamonda.it\\\/wp-content\\\/uploads\\\/2014\\\/02\\\/ave-maria-segantini.jpg\",\"width\":726,\"height\":960},{\"@type\":\"BreadcrumbList\",\"@id\":\"https:\\\/\\\/andreamonda.it\\\/?p=1027#breadcrumb\",\"itemListElement\":[{\"@type\":\"ListItem\",\"position\":1,\"name\":\"Home\",\"item\":\"https:\\\/\\\/andreamonda.it\\\/\"},{\"@type\":\"ListItem\",\"position\":2,\"name\":\"Parole perdute: Morte\\\/2\"}]},{\"@type\":\"WebSite\",\"@id\":\"https:\\\/\\\/andreamonda.it\\\/#website\",\"url\":\"https:\\\/\\\/andreamonda.it\\\/\",\"name\":\"RI-PENSANDO-CI\",\"description\":\"Il segreto per fare bene il bene \u00e8 farlo insieme. Da soli ci perdiamo, insieme ci salviamo. Anche la sapienza rabbinica ci dice che a cadere siamo bravissimi da soli ma per alzarci abbiamo bisogno della mano di un amico.\",\"publisher\":{\"@id\":\"https:\\\/\\\/andreamonda.it\\\/#\\\/schema\\\/person\\\/590cbeb42cfebc67374a49bbd6d3293d\"},\"potentialAction\":[{\"@type\":\"SearchAction\",\"target\":{\"@type\":\"EntryPoint\",\"urlTemplate\":\"https:\\\/\\\/andreamonda.it\\\/?s={search_term_string}\"},\"query-input\":{\"@type\":\"PropertyValueSpecification\",\"valueRequired\":true,\"valueName\":\"search_term_string\"}}],\"inLanguage\":\"it-IT\"},{\"@type\":[\"Person\",\"Organization\"],\"@id\":\"https:\\\/\\\/andreamonda.it\\\/#\\\/schema\\\/person\\\/590cbeb42cfebc67374a49bbd6d3293d\",\"name\":\"Andrea Monda\",\"logo\":{\"@id\":\"https:\\\/\\\/andreamonda.it\\\/#\\\/schema\\\/person\\\/image\\\/\"},\"sameAs\":[\"http:\\\/\\\/andreamonda.it\"]}]}<\/script>\n<!-- \/ Yoast SEO plugin. -->","yoast_head_json":{"title":"Parole perdute: Morte\/2 - RI-PENSANDO-CI","robots":{"index":"index","follow":"follow","max-snippet":"max-snippet:-1","max-image-preview":"max-image-preview:large","max-video-preview":"max-video-preview:-1"},"canonical":"https:\/\/andreamonda.it\/?p=1027","og_locale":"it_IT","og_type":"article","og_title":"Parole perdute: Morte\/2 - RI-PENSANDO-CI","og_description":"\u00abSapete come si chiama il giorno della morte nel cristianesimo?\u00bb, nessuna risposta, i ragazzi non amano parlare della morte e non sanno molto del cristianesimo: \u00abSi chiama dies natalis il giorno della nascita, dell&#8217;entrata nella vita piena\u00bb. Li ho colpiti: &hellip; Continua a leggere&rarr;","og_url":"https:\/\/andreamonda.it\/?p=1027","og_site_name":"RI-PENSANDO-CI","article_published_time":"2014-02-12T17:00:04+00:00","og_image":[{"url":"https:\/\/andreamonda.it\/wp-content\/uploads\/2014\/02\/ave-maria-segantini-226x300.jpg","type":"","width":"","height":""}],"author":"Andrea Monda","twitter_misc":{"Scritto da":"Andrea Monda","Tempo di lettura stimato":"2 minuti"},"schema":{"@context":"https:\/\/schema.org","@graph":[{"@type":"Article","@id":"https:\/\/andreamonda.it\/?p=1027#article","isPartOf":{"@id":"https:\/\/andreamonda.it\/?p=1027"},"author":{"name":"Andrea Monda","@id":"https:\/\/andreamonda.it\/#\/schema\/person\/590cbeb42cfebc67374a49bbd6d3293d"},"headline":"Parole perdute: Morte\/2","datePublished":"2014-02-12T17:00:04+00:00","mainEntityOfPage":{"@id":"https:\/\/andreamonda.it\/?p=1027"},"wordCount":452,"commentCount":0,"publisher":{"@id":"https:\/\/andreamonda.it\/#\/schema\/person\/590cbeb42cfebc67374a49bbd6d3293d"},"image":{"@id":"https:\/\/andreamonda.it\/?p=1027#primaryimage"},"thumbnailUrl":"https:\/\/andreamonda.it\/wp-content\/uploads\/2014\/02\/ave-maria-segantini-226x300.jpg","articleSection":["Chiesa\/Bibbia","Scuola"],"inLanguage":"it-IT","potentialAction":[{"@type":"CommentAction","name":"Comment","target":["https:\/\/andreamonda.it\/?p=1027#respond"]}]},{"@type":"WebPage","@id":"https:\/\/andreamonda.it\/?p=1027","url":"https:\/\/andreamonda.it\/?p=1027","name":"Parole perdute: Morte\/2 - RI-PENSANDO-CI","isPartOf":{"@id":"https:\/\/andreamonda.it\/#website"},"primaryImageOfPage":{"@id":"https:\/\/andreamonda.it\/?p=1027#primaryimage"},"image":{"@id":"https:\/\/andreamonda.it\/?p=1027#primaryimage"},"thumbnailUrl":"https:\/\/andreamonda.it\/wp-content\/uploads\/2014\/02\/ave-maria-segantini-226x300.jpg","datePublished":"2014-02-12T17:00:04+00:00","breadcrumb":{"@id":"https:\/\/andreamonda.it\/?p=1027#breadcrumb"},"inLanguage":"it-IT","potentialAction":[{"@type":"ReadAction","target":["https:\/\/andreamonda.it\/?p=1027"]}]},{"@type":"ImageObject","inLanguage":"it-IT","@id":"https:\/\/andreamonda.it\/?p=1027#primaryimage","url":"https:\/\/andreamonda.it\/wp-content\/uploads\/2014\/02\/ave-maria-segantini.jpg","contentUrl":"https:\/\/andreamonda.it\/wp-content\/uploads\/2014\/02\/ave-maria-segantini.jpg","width":726,"height":960},{"@type":"BreadcrumbList","@id":"https:\/\/andreamonda.it\/?p=1027#breadcrumb","itemListElement":[{"@type":"ListItem","position":1,"name":"Home","item":"https:\/\/andreamonda.it\/"},{"@type":"ListItem","position":2,"name":"Parole perdute: Morte\/2"}]},{"@type":"WebSite","@id":"https:\/\/andreamonda.it\/#website","url":"https:\/\/andreamonda.it\/","name":"RI-PENSANDO-CI","description":"Il segreto per fare bene il bene \u00e8 farlo insieme. Da soli ci perdiamo, insieme ci salviamo. Anche la sapienza rabbinica ci dice che a cadere siamo bravissimi da soli ma per alzarci abbiamo bisogno della mano di un amico.","publisher":{"@id":"https:\/\/andreamonda.it\/#\/schema\/person\/590cbeb42cfebc67374a49bbd6d3293d"},"potentialAction":[{"@type":"SearchAction","target":{"@type":"EntryPoint","urlTemplate":"https:\/\/andreamonda.it\/?s={search_term_string}"},"query-input":{"@type":"PropertyValueSpecification","valueRequired":true,"valueName":"search_term_string"}}],"inLanguage":"it-IT"},{"@type":["Person","Organization"],"@id":"https:\/\/andreamonda.it\/#\/schema\/person\/590cbeb42cfebc67374a49bbd6d3293d","name":"Andrea Monda","logo":{"@id":"https:\/\/andreamonda.it\/#\/schema\/person\/image\/"},"sameAs":["http:\/\/andreamonda.it"]}]}},"_links":{"self":[{"href":"https:\/\/andreamonda.it\/index.php?rest_route=\/wp\/v2\/posts\/1027","targetHints":{"allow":["GET"]}}],"collection":[{"href":"https:\/\/andreamonda.it\/index.php?rest_route=\/wp\/v2\/posts"}],"about":[{"href":"https:\/\/andreamonda.it\/index.php?rest_route=\/wp\/v2\/types\/post"}],"author":[{"embeddable":true,"href":"https:\/\/andreamonda.it\/index.php?rest_route=\/wp\/v2\/users\/2"}],"replies":[{"embeddable":true,"href":"https:\/\/andreamonda.it\/index.php?rest_route=%2Fwp%2Fv2%2Fcomments&post=1027"}],"version-history":[{"count":1,"href":"https:\/\/andreamonda.it\/index.php?rest_route=\/wp\/v2\/posts\/1027\/revisions"}],"predecessor-version":[{"id":1029,"href":"https:\/\/andreamonda.it\/index.php?rest_route=\/wp\/v2\/posts\/1027\/revisions\/1029"}],"wp:attachment":[{"href":"https:\/\/andreamonda.it\/index.php?rest_route=%2Fwp%2Fv2%2Fmedia&parent=1027"}],"wp:term":[{"taxonomy":"category","embeddable":true,"href":"https:\/\/andreamonda.it\/index.php?rest_route=%2Fwp%2Fv2%2Fcategories&post=1027"},{"taxonomy":"post_tag","embeddable":true,"href":"https:\/\/andreamonda.it\/index.php?rest_route=%2Fwp%2Fv2%2Ftags&post=1027"}],"curies":[{"name":"wp","href":"https:\/\/api.w.org\/{rel}","templated":true}]}}