{"id":1068,"date":"2014-03-26T12:50:15","date_gmt":"2014-03-26T11:50:15","guid":{"rendered":"http:\/\/andreamonda.it\/?p=1068"},"modified":"2014-03-26T12:50:15","modified_gmt":"2014-03-26T11:50:15","slug":"parole-perdute-santita-non-perbenismo","status":"publish","type":"post","link":"https:\/\/andreamonda.it\/?p=1068","title":{"rendered":"Parole perdute: santit\u00e0 (non perbenismo)"},"content":{"rendered":"<div id=\"ctl00_PlaceHolderMain_ctl00_ctl08__ControlWrapper_RichHtmlField\"><img loading=\"lazy\" decoding=\"async\" class=\"alignleft size-medium wp-image-1069\" alt=\"via stretta\" src=\"https:\/\/andreamonda.it\/wp-content\/uploads\/2014\/03\/via-stretta-231x300.jpg\" width=\"231\" height=\"300\" srcset=\"https:\/\/andreamonda.it\/wp-content\/uploads\/2014\/03\/via-stretta-231x300.jpg 231w, https:\/\/andreamonda.it\/wp-content\/uploads\/2014\/03\/via-stretta-790x1024.jpg 790w, https:\/\/andreamonda.it\/wp-content\/uploads\/2014\/03\/via-stretta.jpg 1275w\" sizes=\"auto, (max-width: 231px) 100vw, 231px\" \/>S\u00ec, forse la colpa \u00e8 anche un po&#8217; di noi cristiani, se l&#8217;enorme bagaglio della nostra fede, che per venti secoli ha nutrito l&#8217;umanit\u00e0, si \u00e8 oggi cos\u00ec rattrappito fino a mostrare un volto che \u00e8 l&#8217;opposto, la caricatura, della sua essenza: il moralismo.<br \/>\nParlare dei &#8220;novissimi&#8221; ai giovani del terzo millennio \u00e8 toccare con mano come, essendosi smarrito il senso morale, che pure dal cristianesimo scaturiva come diretta conseguenza dello stupore dello scoprirsi amati da un Dio misericordioso, sia rimasto in piedi solo una maschera falsa e accartocciata, la brutta erba del vuoto moralismo.<br \/>\nPer secoli la predicazione dei cristiani si \u00e8 concentrata sul concetto di premio e di pena eterna e cos\u00ec, quando si arriva a parlare di inferno e paradiso, le caselle scattano automaticamente e non \u00e8 piccola la sorpresa quando spiego che l&#8217;inferno non \u00e8 proprio una punizione come possiamo intenderla noi uomini. Mi guardano incuriositi, persino increduli. Faccio l&#8217;esempio del cioccolato: se ne mangio troppo e rubo anche la parte spettante a mio fratello, mamma mi pu\u00f2 punire e non mandarmi in gita, ma prima ancora c&#8217;\u00e8 un&#8217;altra &#8220;punizione&#8221;, che consiste nel fatto che mi sento male, ho un&#8217;indigestione, mi spuntano i brufoli e ingrasso fino all&#8217;obesit\u00e0.<br \/>\nTutto questo non \u00e8 tanto una punizione, ma \u00e8 la somma degli effetti della mia condotta. Cos\u00ec sar\u00e0 l&#8217;inferno: continuare a vivere dopo la morte come ho vissuto per tutta la mia vita, pieno di brufoli e di chili di troppo e privo di fratelli. Fare il male equivale a stare male, non ci sono punizioni in aggiunta.<br \/>\nC&#8217;\u00e8 chi, come Federico, continua a provocare dicendo che \u00e8 meglio il male e il peccato rispetto alla noia ripetitiva del bene. Vorrei citare le parole spese da Benedetto XVI sulla gioia della vita di fede contro la noia della vita appesantita dal peccato, ma scelgo anch&#8217;io la via della provocazione: \u00abMa voi pensate che i santi siano persone per bene?\u00bb. Ammutoliscono, qualche ragazza ha sulla punta della lingua un bel, tragico, \u00abs\u00ec!\u00bb, ma io procedo spedito: \u00abBeh, se fosse cos\u00ec allora s\u00ec che sarebbe una gran noia il paradiso!\u00bb. \u00abMa allora chi sono i santi?\u00bb, sbotta Irene, non ce l&#8217;ha fatta a trattenere la domanda. \u00abI santi sono persone che fanno splendere la luce di Cristo, che si sono arresi al suo amore e si sono lasciati attirare in questa grande avventura che \u00e8 la storia d&#8217;amore tra un Dio trinitario e le sue creature: la santit\u00e0 e la comunione dei santi sono le avventure pi\u00f9 vivaci e drammatiche che possiamo vivere, e possiamo davvero, tutti, nessuno escluso\u00bb.<br \/>\nForse troppa teologia in questa lezione, un po&#8217; de-moralizzante, ma, penso, a volte ci vuole anche questo.<br \/>\n(da <em>Avvenire<em><\/em><\/em> del 26 marzo 2014)<\/div>\n<div><span class=\"Apple-style-span\" style=\"font-family: Magra, Arial, Helvetica, sans-serif; font-weight: normal; line-height: normal; font-size: 14px;\"><span class=\"Apple-style-span\" style=\"font-family: Magra, Arial, Helvetica, sans-serif; font-weight: normal; line-height: normal; font-size: 14px;\"><\/span><\/span><\/p>\n<div class=\"ms-rtestate-field\" id=\"ctl00_PlaceHolderMain_ctl00_ctl08__ControlWrapper_RichHtmlField\" style=\"word-wrap: break-word; display: inline;\"><\/div>\n<\/div>\n","protected":false},"excerpt":{"rendered":"<p>S\u00ec, forse la colpa \u00e8 anche un po&#8217; di noi cristiani, se l&#8217;enorme bagaglio della nostra fede, che per venti secoli ha nutrito l&#8217;umanit\u00e0, si \u00e8 oggi cos\u00ec rattrappito fino a mostrare un volto che \u00e8 l&#8217;opposto, la caricatura, della &hellip; <a href=\"https:\/\/andreamonda.it\/?p=1068\">Continua a leggere<span class=\"meta-nav\">&rarr;<\/span><\/a><\/p>\n","protected":false},"author":2,"featured_media":0,"comment_status":"open","ping_status":"closed","sticky":false,"template":"","format":"standard","meta":{"footnotes":""},"categories":[7,9],"tags":[],"class_list":["post-1068","post","type-post","status-publish","format-standard","hentry","category-chiesabibbia","category-scuola"],"yoast_head":"<!-- This site is optimized with the Yoast SEO plugin v27.5 - https:\/\/yoast.com\/product\/yoast-seo-wordpress\/ -->\n<title>Parole perdute: santit\u00e0 (non perbenismo) - RI-PENSANDO-CI<\/title>\n<meta name=\"robots\" content=\"index, follow, max-snippet:-1, max-image-preview:large, max-video-preview:-1\" \/>\n<link rel=\"canonical\" href=\"https:\/\/andreamonda.it\/?p=1068\" \/>\n<meta property=\"og:locale\" content=\"it_IT\" \/>\n<meta property=\"og:type\" content=\"article\" \/>\n<meta property=\"og:title\" content=\"Parole perdute: santit\u00e0 (non perbenismo) - RI-PENSANDO-CI\" \/>\n<meta property=\"og:description\" content=\"S\u00ec, forse la colpa \u00e8 anche un po&#8217; di noi cristiani, se l&#8217;enorme bagaglio della nostra fede, che per venti secoli ha nutrito l&#8217;umanit\u00e0, si \u00e8 oggi cos\u00ec rattrappito fino a mostrare un volto che \u00e8 l&#8217;opposto, la caricatura, della &hellip; Continua a leggere&rarr;\" \/>\n<meta property=\"og:url\" content=\"https:\/\/andreamonda.it\/?p=1068\" \/>\n<meta property=\"og:site_name\" content=\"RI-PENSANDO-CI\" \/>\n<meta property=\"article:published_time\" content=\"2014-03-26T11:50:15+00:00\" \/>\n<meta property=\"og:image\" content=\"https:\/\/andreamonda.it\/wp-content\/uploads\/2014\/03\/via-stretta-231x300.jpg\" \/>\n<meta name=\"author\" content=\"Andrea Monda\" \/>\n<meta name=\"twitter:label1\" content=\"Scritto da\" \/>\n\t<meta name=\"twitter:data1\" content=\"Andrea Monda\" \/>\n\t<meta name=\"twitter:label2\" content=\"Tempo di lettura stimato\" \/>\n\t<meta name=\"twitter:data2\" content=\"2 minuti\" \/>\n<script type=\"application\/ld+json\" class=\"yoast-schema-graph\">{\"@context\":\"https:\\\/\\\/schema.org\",\"@graph\":[{\"@type\":\"Article\",\"@id\":\"https:\\\/\\\/andreamonda.it\\\/?p=1068#article\",\"isPartOf\":{\"@id\":\"https:\\\/\\\/andreamonda.it\\\/?p=1068\"},\"author\":{\"name\":\"Andrea Monda\",\"@id\":\"https:\\\/\\\/andreamonda.it\\\/#\\\/schema\\\/person\\\/590cbeb42cfebc67374a49bbd6d3293d\"},\"headline\":\"Parole perdute: santit\u00e0 (non perbenismo)\",\"datePublished\":\"2014-03-26T11:50:15+00:00\",\"mainEntityOfPage\":{\"@id\":\"https:\\\/\\\/andreamonda.it\\\/?p=1068\"},\"wordCount\":456,\"commentCount\":1,\"publisher\":{\"@id\":\"https:\\\/\\\/andreamonda.it\\\/#\\\/schema\\\/person\\\/590cbeb42cfebc67374a49bbd6d3293d\"},\"image\":{\"@id\":\"https:\\\/\\\/andreamonda.it\\\/?p=1068#primaryimage\"},\"thumbnailUrl\":\"https:\\\/\\\/andreamonda.it\\\/wp-content\\\/uploads\\\/2014\\\/03\\\/via-stretta-231x300.jpg\",\"articleSection\":[\"Chiesa\\\/Bibbia\",\"Scuola\"],\"inLanguage\":\"it-IT\",\"potentialAction\":[{\"@type\":\"CommentAction\",\"name\":\"Comment\",\"target\":[\"https:\\\/\\\/andreamonda.it\\\/?p=1068#respond\"]}]},{\"@type\":\"WebPage\",\"@id\":\"https:\\\/\\\/andreamonda.it\\\/?p=1068\",\"url\":\"https:\\\/\\\/andreamonda.it\\\/?p=1068\",\"name\":\"Parole perdute: santit\u00e0 (non perbenismo) - RI-PENSANDO-CI\",\"isPartOf\":{\"@id\":\"https:\\\/\\\/andreamonda.it\\\/#website\"},\"primaryImageOfPage\":{\"@id\":\"https:\\\/\\\/andreamonda.it\\\/?p=1068#primaryimage\"},\"image\":{\"@id\":\"https:\\\/\\\/andreamonda.it\\\/?p=1068#primaryimage\"},\"thumbnailUrl\":\"https:\\\/\\\/andreamonda.it\\\/wp-content\\\/uploads\\\/2014\\\/03\\\/via-stretta-231x300.jpg\",\"datePublished\":\"2014-03-26T11:50:15+00:00\",\"breadcrumb\":{\"@id\":\"https:\\\/\\\/andreamonda.it\\\/?p=1068#breadcrumb\"},\"inLanguage\":\"it-IT\",\"potentialAction\":[{\"@type\":\"ReadAction\",\"target\":[\"https:\\\/\\\/andreamonda.it\\\/?p=1068\"]}]},{\"@type\":\"ImageObject\",\"inLanguage\":\"it-IT\",\"@id\":\"https:\\\/\\\/andreamonda.it\\\/?p=1068#primaryimage\",\"url\":\"https:\\\/\\\/andreamonda.it\\\/wp-content\\\/uploads\\\/2014\\\/03\\\/via-stretta.jpg\",\"contentUrl\":\"https:\\\/\\\/andreamonda.it\\\/wp-content\\\/uploads\\\/2014\\\/03\\\/via-stretta.jpg\",\"width\":1275,\"height\":1651},{\"@type\":\"BreadcrumbList\",\"@id\":\"https:\\\/\\\/andreamonda.it\\\/?p=1068#breadcrumb\",\"itemListElement\":[{\"@type\":\"ListItem\",\"position\":1,\"name\":\"Home\",\"item\":\"https:\\\/\\\/andreamonda.it\\\/\"},{\"@type\":\"ListItem\",\"position\":2,\"name\":\"Parole perdute: santit\u00e0 (non perbenismo)\"}]},{\"@type\":\"WebSite\",\"@id\":\"https:\\\/\\\/andreamonda.it\\\/#website\",\"url\":\"https:\\\/\\\/andreamonda.it\\\/\",\"name\":\"RI-PENSANDO-CI\",\"description\":\"Il segreto per fare bene il bene \u00e8 farlo insieme. Da soli ci perdiamo, insieme ci salviamo. Anche la sapienza rabbinica ci dice che a cadere siamo bravissimi da soli ma per alzarci abbiamo bisogno della mano di un amico.\",\"publisher\":{\"@id\":\"https:\\\/\\\/andreamonda.it\\\/#\\\/schema\\\/person\\\/590cbeb42cfebc67374a49bbd6d3293d\"},\"potentialAction\":[{\"@type\":\"SearchAction\",\"target\":{\"@type\":\"EntryPoint\",\"urlTemplate\":\"https:\\\/\\\/andreamonda.it\\\/?s={search_term_string}\"},\"query-input\":{\"@type\":\"PropertyValueSpecification\",\"valueRequired\":true,\"valueName\":\"search_term_string\"}}],\"inLanguage\":\"it-IT\"},{\"@type\":[\"Person\",\"Organization\"],\"@id\":\"https:\\\/\\\/andreamonda.it\\\/#\\\/schema\\\/person\\\/590cbeb42cfebc67374a49bbd6d3293d\",\"name\":\"Andrea Monda\",\"logo\":{\"@id\":\"https:\\\/\\\/andreamonda.it\\\/#\\\/schema\\\/person\\\/image\\\/\"},\"sameAs\":[\"http:\\\/\\\/andreamonda.it\"]}]}<\/script>\n<!-- \/ Yoast SEO plugin. -->","yoast_head_json":{"title":"Parole perdute: santit\u00e0 (non perbenismo) - RI-PENSANDO-CI","robots":{"index":"index","follow":"follow","max-snippet":"max-snippet:-1","max-image-preview":"max-image-preview:large","max-video-preview":"max-video-preview:-1"},"canonical":"https:\/\/andreamonda.it\/?p=1068","og_locale":"it_IT","og_type":"article","og_title":"Parole perdute: santit\u00e0 (non perbenismo) - RI-PENSANDO-CI","og_description":"S\u00ec, forse la colpa \u00e8 anche un po&#8217; di noi cristiani, se l&#8217;enorme bagaglio della nostra fede, che per venti secoli ha nutrito l&#8217;umanit\u00e0, si \u00e8 oggi cos\u00ec rattrappito fino a mostrare un volto che \u00e8 l&#8217;opposto, la caricatura, della &hellip; Continua a leggere&rarr;","og_url":"https:\/\/andreamonda.it\/?p=1068","og_site_name":"RI-PENSANDO-CI","article_published_time":"2014-03-26T11:50:15+00:00","og_image":[{"url":"https:\/\/andreamonda.it\/wp-content\/uploads\/2014\/03\/via-stretta-231x300.jpg","type":"","width":"","height":""}],"author":"Andrea Monda","twitter_misc":{"Scritto da":"Andrea Monda","Tempo di lettura stimato":"2 minuti"},"schema":{"@context":"https:\/\/schema.org","@graph":[{"@type":"Article","@id":"https:\/\/andreamonda.it\/?p=1068#article","isPartOf":{"@id":"https:\/\/andreamonda.it\/?p=1068"},"author":{"name":"Andrea Monda","@id":"https:\/\/andreamonda.it\/#\/schema\/person\/590cbeb42cfebc67374a49bbd6d3293d"},"headline":"Parole perdute: santit\u00e0 (non perbenismo)","datePublished":"2014-03-26T11:50:15+00:00","mainEntityOfPage":{"@id":"https:\/\/andreamonda.it\/?p=1068"},"wordCount":456,"commentCount":1,"publisher":{"@id":"https:\/\/andreamonda.it\/#\/schema\/person\/590cbeb42cfebc67374a49bbd6d3293d"},"image":{"@id":"https:\/\/andreamonda.it\/?p=1068#primaryimage"},"thumbnailUrl":"https:\/\/andreamonda.it\/wp-content\/uploads\/2014\/03\/via-stretta-231x300.jpg","articleSection":["Chiesa\/Bibbia","Scuola"],"inLanguage":"it-IT","potentialAction":[{"@type":"CommentAction","name":"Comment","target":["https:\/\/andreamonda.it\/?p=1068#respond"]}]},{"@type":"WebPage","@id":"https:\/\/andreamonda.it\/?p=1068","url":"https:\/\/andreamonda.it\/?p=1068","name":"Parole perdute: santit\u00e0 (non perbenismo) - RI-PENSANDO-CI","isPartOf":{"@id":"https:\/\/andreamonda.it\/#website"},"primaryImageOfPage":{"@id":"https:\/\/andreamonda.it\/?p=1068#primaryimage"},"image":{"@id":"https:\/\/andreamonda.it\/?p=1068#primaryimage"},"thumbnailUrl":"https:\/\/andreamonda.it\/wp-content\/uploads\/2014\/03\/via-stretta-231x300.jpg","datePublished":"2014-03-26T11:50:15+00:00","breadcrumb":{"@id":"https:\/\/andreamonda.it\/?p=1068#breadcrumb"},"inLanguage":"it-IT","potentialAction":[{"@type":"ReadAction","target":["https:\/\/andreamonda.it\/?p=1068"]}]},{"@type":"ImageObject","inLanguage":"it-IT","@id":"https:\/\/andreamonda.it\/?p=1068#primaryimage","url":"https:\/\/andreamonda.it\/wp-content\/uploads\/2014\/03\/via-stretta.jpg","contentUrl":"https:\/\/andreamonda.it\/wp-content\/uploads\/2014\/03\/via-stretta.jpg","width":1275,"height":1651},{"@type":"BreadcrumbList","@id":"https:\/\/andreamonda.it\/?p=1068#breadcrumb","itemListElement":[{"@type":"ListItem","position":1,"name":"Home","item":"https:\/\/andreamonda.it\/"},{"@type":"ListItem","position":2,"name":"Parole perdute: santit\u00e0 (non perbenismo)"}]},{"@type":"WebSite","@id":"https:\/\/andreamonda.it\/#website","url":"https:\/\/andreamonda.it\/","name":"RI-PENSANDO-CI","description":"Il segreto per fare bene il bene \u00e8 farlo insieme. Da soli ci perdiamo, insieme ci salviamo. Anche la sapienza rabbinica ci dice che a cadere siamo bravissimi da soli ma per alzarci abbiamo bisogno della mano di un amico.","publisher":{"@id":"https:\/\/andreamonda.it\/#\/schema\/person\/590cbeb42cfebc67374a49bbd6d3293d"},"potentialAction":[{"@type":"SearchAction","target":{"@type":"EntryPoint","urlTemplate":"https:\/\/andreamonda.it\/?s={search_term_string}"},"query-input":{"@type":"PropertyValueSpecification","valueRequired":true,"valueName":"search_term_string"}}],"inLanguage":"it-IT"},{"@type":["Person","Organization"],"@id":"https:\/\/andreamonda.it\/#\/schema\/person\/590cbeb42cfebc67374a49bbd6d3293d","name":"Andrea Monda","logo":{"@id":"https:\/\/andreamonda.it\/#\/schema\/person\/image\/"},"sameAs":["http:\/\/andreamonda.it"]}]}},"_links":{"self":[{"href":"https:\/\/andreamonda.it\/index.php?rest_route=\/wp\/v2\/posts\/1068","targetHints":{"allow":["GET"]}}],"collection":[{"href":"https:\/\/andreamonda.it\/index.php?rest_route=\/wp\/v2\/posts"}],"about":[{"href":"https:\/\/andreamonda.it\/index.php?rest_route=\/wp\/v2\/types\/post"}],"author":[{"embeddable":true,"href":"https:\/\/andreamonda.it\/index.php?rest_route=\/wp\/v2\/users\/2"}],"replies":[{"embeddable":true,"href":"https:\/\/andreamonda.it\/index.php?rest_route=%2Fwp%2Fv2%2Fcomments&post=1068"}],"version-history":[{"count":1,"href":"https:\/\/andreamonda.it\/index.php?rest_route=\/wp\/v2\/posts\/1068\/revisions"}],"predecessor-version":[{"id":1070,"href":"https:\/\/andreamonda.it\/index.php?rest_route=\/wp\/v2\/posts\/1068\/revisions\/1070"}],"wp:attachment":[{"href":"https:\/\/andreamonda.it\/index.php?rest_route=%2Fwp%2Fv2%2Fmedia&parent=1068"}],"wp:term":[{"taxonomy":"category","embeddable":true,"href":"https:\/\/andreamonda.it\/index.php?rest_route=%2Fwp%2Fv2%2Fcategories&post=1068"},{"taxonomy":"post_tag","embeddable":true,"href":"https:\/\/andreamonda.it\/index.php?rest_route=%2Fwp%2Fv2%2Ftags&post=1068"}],"curies":[{"name":"wp","href":"https:\/\/api.w.org\/{rel}","templated":true}]}}