{"id":1092,"date":"2014-04-21T10:32:53","date_gmt":"2014-04-21T08:32:53","guid":{"rendered":"http:\/\/andreamonda.it\/?p=1092"},"modified":"2014-04-21T10:32:53","modified_gmt":"2014-04-21T08:32:53","slug":"gesu","status":"publish","type":"post","link":"https:\/\/andreamonda.it\/?p=1092","title":{"rendered":"Ges\u00f9 chi?"},"content":{"rendered":"<p><img loading=\"lazy\" decoding=\"async\" class=\"alignleft size-medium wp-image-1093\" src=\"https:\/\/andreamonda.it\/wp-content\/uploads\/2014\/04\/resurrezione-244x300.jpg\" alt=\"resurrezione\" width=\"244\" height=\"300\" srcset=\"https:\/\/andreamonda.it\/wp-content\/uploads\/2014\/04\/resurrezione-244x300.jpg 244w, https:\/\/andreamonda.it\/wp-content\/uploads\/2014\/04\/resurrezione-834x1024.jpg 834w, https:\/\/andreamonda.it\/wp-content\/uploads\/2014\/04\/resurrezione.jpg 1105w\" sizes=\"auto, (max-width: 244px) 100vw, 244px\" \/>(dalla rubrica <em>Parole perdute<\/em> di <em>Avvenire<\/em>, 2,9 e 16 aprile 2014)<\/p>\n<p>A volte capita che ti trovi in una situazione inaspettata, come fare supplenza in una classe che non conosci e che \u00e8 anche alquanto agitata. E allora pu\u00f2 spuntare un&#8217;idea come un coniglio dal cilindro, per cui il trucco riesce: per esempio, fare svolgere un compito scritto su questo &#8220;argomento&#8221;: \u00abPrendete un foglio e scrivete: &#8220;tutto quello che so su Ges\u00f9&#8221;; vi do venti minuti per dirmi tutto quello che vi viene in mente. Forza!\u00bb.<br \/>\nAll&#8217;inizio ci sono state risate e moti di ribellione, ma poi il gusto della sfida ha prevalso, e tutta la classe si \u00e8 impegnata, silenziosamente, a rispondere allo strano quesito.<br \/>\nAlla fine ho capito che non si tratta soltanto del lessico, di parole perdute, ma anche di sostanza, si \u00e8 perso non solo il linguaggio di Ges\u00f9 (e del cristianesimo), ma anche Ges\u00f9 stesso. L&#8217;idea dunque non \u00e8 balzana, perch\u00e9 \u00e8 la domanda per eccellenza, quella che Ges\u00f9 stesso fece nei pressi di Cesarea di Filippo ai suoi amici pi\u00f9 intimi: \u00abVoi, chi dite che io sia?\u00bb. All&#8217;epoca solo uno su dodici diede la risposa giusta, e questo pu\u00f2 rincuorarci, visto che oggi la media \u00e8 un po&#8217; pi\u00f9 alta.<br \/>\nOvviamente, sono pi\u00f9 interessanti gli errori o le fantasiose ricostruzioni. Gi\u00e0 girando tra i banchi avevo ascoltato qualche notevole scambio di domande tra i ragazzi, del tipo: \u00abSenti un po&#8217;, chi \u00e8 che \u00e8 nato alla Befana?\u00bb. E i primi compiti che ho corretto si sono rivelati ricchi di dettagli curiosi: \u00abGes\u00f9 \u00e8 nato da Giuseppe, falegname, e da Maria, casalinga\u00bb, il che, in effetti, \u00e8 incontestabile. \u00abGes\u00f9 fu il pi\u00f9 grande falegname della storia\u00bb; \u00abSi \u00e8 reincarnato nel seno della Vergine Maria, fecondata dalla Spirito Santo senza preavviso\u00bb.<br \/>\nC&#8217;\u00e8 poi un problema di base, proprio con le categorie spazio-temporali: non si sa n\u00e9 dove n\u00e9 quando sia nato e vissuto Ges\u00f9. Molti lo fanno nascere a Nazareth, altri lo fanno morire a Roma. Anche sul &#8220;quando&#8221; c&#8217;\u00e8 da preoccuparsi. Ad esempio Donato, interrogato oralmente, mi ha risposto: \u00abGes\u00f9 \u00e8 nato ai tempi di re Erode\u00bb. L&#8217;infarinatura c&#8217;\u00e8, ma solo quella. Quando chiedo di precisare l&#8217;epoca storica, Donato fa scena muta. Lo rimando al posto e lui mi chiede: \u00abCome sono andato?\u00bb. \u00abMale, Donato, che domanda mi fai?\u00bb. \u00abBeh, Erode c&#8217;era tutto!\u00bb.<br \/>\nSono simpatici questi ragazzi, ti strappano le risate in mille modi, ma il quadro che rivelano spesso \u00e8 desolante. Inoltre, e questo forse \u00e8 il dato pi\u00f9 (drammaticamente) interessante, la maggior parte degli elaborati ha omesso o sminuito il fatto della morte e resurrezione di Cristo, ha prevalso per lo pi\u00f9 l&#8217;indicazione del messaggio portato da Ges\u00f9, non il messaggero e il suo destino. Mi aspetta molto da fare.<\/p>\n<p>\u00abGes\u00f9 \u00e8 nato nell&#8217;anno 0 a Nazareth ed \u00e8 morto a Betlemme nel 33 dopo Cristo\u00bb. Perfetto, una bella serie di errori. N\u00e9 il dove n\u00e9 il quando, niente da fare, non gli entra in testa: di Ges\u00f9 si sono perse le tracce, ci deve essere stata qualche interruzione lungo la linea. Sto correggendo i compiti dati in modo estemporaneo a un paio di classi ginnasiali, e questo di Stefano \u00e8 uno degli errori pi\u00f9 ricorrenti. Ges\u00f9 \u00e8 nato a Nazareth, di Betlemme solo alcuni hanno un vago ricordo.<br \/>\nProvo a parlare loro del presepe, ma anche questa \u00e8 una parola perduta, del resto, l&#8217;episodio di dicembre, della rimozione forzata del presepe in sosta vietata nei corridoio della scuola statale, \u00e8 fin troppo eloquente. Non sanno dove \u00e8 nato n\u00e9 dove \u00e8 morto e protestano: \u00abMa allora perch\u00e9 lo chiamano &#8220;di Nazareth&#8221;?\u00bb, chiede Massimo e mi fa venire in mente Paolo VI, il quale osservava come non vi fosse solo una storia della salvezza, ma anche una &#8220;geografia della salvezza&#8221;, ma \u00e8 proprio qui, sulla storia e la geografia, che emergono la carenze pi\u00f9 vistose.<br \/>\nE sulla categoria &#8220;tempo&#8221; la situazione \u00e8 anche peggiore. In molti sono fissati con questa &#8220;nozione&#8221; del cosiddetto &#8220;anno zero&#8221;. Ne parlano con una sicurezza adamantina. Solo Pietro ad un certo punto viene assalito da un dubbio, deve essere una qualit\u00e0 insita nel nome, e dice, un po&#8217; a bassa voce: \u00abMa no, non \u00e8 l&#8217;anno zero, perch\u00e9 \u00e8 nato a dicembre, \u00e8 l&#8217;anno prima&#8230;\u00bb. Prendo al volo l&#8217;occasione e dico a tutti: \u00abEcco, scusate un attimo, allora l&#8217;anno prima della nascita di Ges\u00f9 come si definisce, l&#8217;anno &#8220;meno uno&#8221;?\u00bb.<br \/>\nQualche risata c&#8217;\u00e8 ma \u00e8 stentata, perch\u00e9 vedo che i pi\u00f9 brancolano nel buio. Bisogna ridere con gli studenti, per\u00f2 non ridere di loro, sorridere senza deridere, sarebbe la crisi del rapporto educativo. \u00c8 il caso quindi di provare a recuperare insieme quel terreno che \u00e8 stato perso, smarrito non so quando, forse durante gli anni delle medie, e che vede nella materia della storia la principale vittima.<br \/>\n\u00abQual era il sistema di datazione ai tempi in cui \u00e8 nato Ges\u00f9?\u00bb, chiedo per indirizzarli, ma pochi ci arrivano. Faccio presente che oggi, ogni volta che un uomo, a prescindere dalla fede professata, scrive la data del giorno, fa riferimento a Ges\u00f9 nel momento preciso in cui indica l&#8217;anno 2014, ma prima ovviamente non era cos\u00ec e chiedo loro, studenti del classico, di dirmi qual era il punto di riferimento da cui si partiva.<br \/>\nFinalmente Laura arriva al punto: \u00abDalla fondazione di Roma\u00bb. Altri ancora protestano: \u00abMa non \u00e8 giusto! Perch\u00e9 i Romani e poi i cristiani hanno imposto a tutti gli altri il loro sistema?\u00bb. Gi\u00e0, perch\u00e9? Si dovr\u00e0 ripartire da qui, dal fascino di quel personaggio che ha spaccato in due la storia.<\/p>\n<p>Ges\u00f9, questo sconosciuto. In effetti forse il dato pi\u00f9 inquietante \u00e8 che i miei studenti, nel raccontare quello che sanno sul fondatore del cristianesimo, staccano il messaggio dal messaggero (alla faccia di Marshall McLuhan) e si concentrano sulla bellezza delle parole di Ges\u00f9 dimenticandone la persona e il suo mistero.<br \/>\nAd esempio la resurrezione \u00e8 qualcosa che risulta oscura, nonostante le chiare parole di Paolo: \u00abSe Cristo non \u00e8 risorto, vana \u00e8 la nostra fede\u00bb. Scrive ad esempio Fulvio che \u00abQualche giorno dopo la sua morte, risorse, facendo capire che la vita non \u00e8 nel corpo ma nell&#8217;anima\u00bb, un&#8217;affermazione che apre all&#8217;equivoco della reincarnazione, una parola non perduta ma inopportuna nel contesto cristiano, che invece viene spesso usata dai miei giovani studenti.<br \/>\nChiedo allora la differenza tra resurrezione e reincarnazione ma le risposte sono confuse, soprattutto a causa dell&#8217;ignoranza su un concetto fondamentale del cristianesimo: l&#8217;incarnazione.<br \/>\nIn fondo siamo ancora fermi all&#8217;Areopago, quando Paolo annuncia il kerigma e gli ateniesi \u00abquando sentirono parlare di risurrezione di morti, alcuni lo deridevano, altri dissero: &#8220;Ti sentiremo su questo un&#8217;altra volta&#8221;\u00bb. A vederli questi ragazzi mi sembrano ancora &#8220;greci&#8221;: forse per colpa delle mode religiose che provengono dall&#8217;oriente sta di fatto che oggi tra i giovani il pensiero su queste cose \u00e8 rimasto ad un vago platonismo (per lo pi\u00f9 inconsapevole, ancora non studiano la filosofia) per cui l&#8217;uomo \u00e8 diviso in due, anima e corpo, la prima, nobile e incorruttibile, imprigionata nell&#8217;ignobile secondo.<br \/>\nSpiego dunque loro che i greci, finch\u00e9 Paolo parlava di vita oltre la morte, non si meravigliavano pi\u00f9 di tanto, credendo anche loro nell&#8217;immortalit\u00e0 dell&#8217;anima, ma \u00e8 proprio la resurrezione della carne a scandalizzarli, a suonare come un &#8220;discorso duro&#8221;, incomprensibile. Ancora oggi \u00e8 la &#8220;fisicit\u00e0&#8221; del cristianesimo, che secondo Romano Guardini \u00e8 \u00abla religione pi\u00f9 materialista di tutte\u00bb, ad essere di scandalo, a rivelarsi segno di contraddizione. In un periodo storico cos\u00ec contrassegnato dalla carnalit\u00e0, si pensi alla diffusione cos\u00ec pervasiva della pornografia, la carne ha finito per svuotarsi di significato e con essa anche lo spirito. Si \u00e8 perso il baricentro e le verit\u00e0 dello spirito e della carne, che compongono quell&#8217;unit\u00e0 concreta e indissolubile che \u00e8 l&#8217;uomo (secondo la visione semita e biblica), sono come impazzite, estremizzandosi e assolutizzandosi.<br \/>\nDa qui nascono i vizi carnali e, peggio, le eresie spiritualiste. Non \u00e8 una cronaca del Medio Evo, ma di quello che quotidianamente emerge dalle parole degli studenti adolescenti di un liceo di Roma.<\/p>\n","protected":false},"excerpt":{"rendered":"<p>(dalla rubrica Parole perdute di Avvenire, 2,9 e 16 aprile 2014) A volte capita che ti trovi in una situazione inaspettata, come fare supplenza in una classe che non conosci e che \u00e8 anche alquanto agitata. E allora pu\u00f2 spuntare &hellip; <a href=\"https:\/\/andreamonda.it\/?p=1092\">Continua a leggere<span class=\"meta-nav\">&rarr;<\/span><\/a><\/p>\n","protected":false},"author":2,"featured_media":0,"comment_status":"open","ping_status":"closed","sticky":false,"template":"","format":"standard","meta":{"footnotes":""},"categories":[7,9],"tags":[],"class_list":["post-1092","post","type-post","status-publish","format-standard","hentry","category-chiesabibbia","category-scuola"],"yoast_head":"<!-- This site is optimized with the Yoast SEO plugin v27.5 - https:\/\/yoast.com\/product\/yoast-seo-wordpress\/ -->\n<title>Ges\u00f9 chi? - RI-PENSANDO-CI<\/title>\n<meta name=\"robots\" content=\"index, follow, max-snippet:-1, max-image-preview:large, max-video-preview:-1\" \/>\n<link rel=\"canonical\" href=\"https:\/\/andreamonda.it\/?p=1092\" \/>\n<meta property=\"og:locale\" content=\"it_IT\" \/>\n<meta property=\"og:type\" content=\"article\" \/>\n<meta property=\"og:title\" content=\"Ges\u00f9 chi? - RI-PENSANDO-CI\" \/>\n<meta property=\"og:description\" content=\"(dalla rubrica Parole perdute di Avvenire, 2,9 e 16 aprile 2014) A volte capita che ti trovi in una situazione inaspettata, come fare supplenza in una classe che non conosci e che \u00e8 anche alquanto agitata. E allora pu\u00f2 spuntare &hellip; Continua a leggere&rarr;\" \/>\n<meta property=\"og:url\" content=\"https:\/\/andreamonda.it\/?p=1092\" \/>\n<meta property=\"og:site_name\" content=\"RI-PENSANDO-CI\" \/>\n<meta property=\"article:published_time\" content=\"2014-04-21T08:32:53+00:00\" \/>\n<meta property=\"og:image\" content=\"https:\/\/andreamonda.it\/wp-content\/uploads\/2014\/04\/resurrezione-244x300.jpg\" \/>\n<meta name=\"author\" content=\"Andrea Monda\" \/>\n<meta name=\"twitter:label1\" content=\"Scritto da\" \/>\n\t<meta name=\"twitter:data1\" content=\"Andrea Monda\" \/>\n\t<meta name=\"twitter:label2\" content=\"Tempo di lettura stimato\" \/>\n\t<meta name=\"twitter:data2\" content=\"6 minuti\" \/>\n<script type=\"application\/ld+json\" class=\"yoast-schema-graph\">{\"@context\":\"https:\\\/\\\/schema.org\",\"@graph\":[{\"@type\":\"Article\",\"@id\":\"https:\\\/\\\/andreamonda.it\\\/?p=1092#article\",\"isPartOf\":{\"@id\":\"https:\\\/\\\/andreamonda.it\\\/?p=1092\"},\"author\":{\"name\":\"Andrea Monda\",\"@id\":\"https:\\\/\\\/andreamonda.it\\\/#\\\/schema\\\/person\\\/590cbeb42cfebc67374a49bbd6d3293d\"},\"headline\":\"Ges\u00f9 chi?\",\"datePublished\":\"2014-04-21T08:32:53+00:00\",\"mainEntityOfPage\":{\"@id\":\"https:\\\/\\\/andreamonda.it\\\/?p=1092\"},\"wordCount\":1314,\"commentCount\":0,\"publisher\":{\"@id\":\"https:\\\/\\\/andreamonda.it\\\/#\\\/schema\\\/person\\\/590cbeb42cfebc67374a49bbd6d3293d\"},\"image\":{\"@id\":\"https:\\\/\\\/andreamonda.it\\\/?p=1092#primaryimage\"},\"thumbnailUrl\":\"https:\\\/\\\/andreamonda.it\\\/wp-content\\\/uploads\\\/2014\\\/04\\\/resurrezione-244x300.jpg\",\"articleSection\":[\"Chiesa\\\/Bibbia\",\"Scuola\"],\"inLanguage\":\"it-IT\",\"potentialAction\":[{\"@type\":\"CommentAction\",\"name\":\"Comment\",\"target\":[\"https:\\\/\\\/andreamonda.it\\\/?p=1092#respond\"]}]},{\"@type\":\"WebPage\",\"@id\":\"https:\\\/\\\/andreamonda.it\\\/?p=1092\",\"url\":\"https:\\\/\\\/andreamonda.it\\\/?p=1092\",\"name\":\"Ges\u00f9 chi? - RI-PENSANDO-CI\",\"isPartOf\":{\"@id\":\"https:\\\/\\\/andreamonda.it\\\/#website\"},\"primaryImageOfPage\":{\"@id\":\"https:\\\/\\\/andreamonda.it\\\/?p=1092#primaryimage\"},\"image\":{\"@id\":\"https:\\\/\\\/andreamonda.it\\\/?p=1092#primaryimage\"},\"thumbnailUrl\":\"https:\\\/\\\/andreamonda.it\\\/wp-content\\\/uploads\\\/2014\\\/04\\\/resurrezione-244x300.jpg\",\"datePublished\":\"2014-04-21T08:32:53+00:00\",\"breadcrumb\":{\"@id\":\"https:\\\/\\\/andreamonda.it\\\/?p=1092#breadcrumb\"},\"inLanguage\":\"it-IT\",\"potentialAction\":[{\"@type\":\"ReadAction\",\"target\":[\"https:\\\/\\\/andreamonda.it\\\/?p=1092\"]}]},{\"@type\":\"ImageObject\",\"inLanguage\":\"it-IT\",\"@id\":\"https:\\\/\\\/andreamonda.it\\\/?p=1092#primaryimage\",\"url\":\"https:\\\/\\\/andreamonda.it\\\/wp-content\\\/uploads\\\/2014\\\/04\\\/resurrezione.jpg\",\"contentUrl\":\"https:\\\/\\\/andreamonda.it\\\/wp-content\\\/uploads\\\/2014\\\/04\\\/resurrezione.jpg\",\"width\":1105,\"height\":1356},{\"@type\":\"BreadcrumbList\",\"@id\":\"https:\\\/\\\/andreamonda.it\\\/?p=1092#breadcrumb\",\"itemListElement\":[{\"@type\":\"ListItem\",\"position\":1,\"name\":\"Home\",\"item\":\"https:\\\/\\\/andreamonda.it\\\/\"},{\"@type\":\"ListItem\",\"position\":2,\"name\":\"Ges\u00f9 chi?\"}]},{\"@type\":\"WebSite\",\"@id\":\"https:\\\/\\\/andreamonda.it\\\/#website\",\"url\":\"https:\\\/\\\/andreamonda.it\\\/\",\"name\":\"RI-PENSANDO-CI\",\"description\":\"Il segreto per fare bene il bene \u00e8 farlo insieme. Da soli ci perdiamo, insieme ci salviamo. Anche la sapienza rabbinica ci dice che a cadere siamo bravissimi da soli ma per alzarci abbiamo bisogno della mano di un amico.\",\"publisher\":{\"@id\":\"https:\\\/\\\/andreamonda.it\\\/#\\\/schema\\\/person\\\/590cbeb42cfebc67374a49bbd6d3293d\"},\"potentialAction\":[{\"@type\":\"SearchAction\",\"target\":{\"@type\":\"EntryPoint\",\"urlTemplate\":\"https:\\\/\\\/andreamonda.it\\\/?s={search_term_string}\"},\"query-input\":{\"@type\":\"PropertyValueSpecification\",\"valueRequired\":true,\"valueName\":\"search_term_string\"}}],\"inLanguage\":\"it-IT\"},{\"@type\":[\"Person\",\"Organization\"],\"@id\":\"https:\\\/\\\/andreamonda.it\\\/#\\\/schema\\\/person\\\/590cbeb42cfebc67374a49bbd6d3293d\",\"name\":\"Andrea Monda\",\"logo\":{\"@id\":\"https:\\\/\\\/andreamonda.it\\\/#\\\/schema\\\/person\\\/image\\\/\"},\"sameAs\":[\"http:\\\/\\\/andreamonda.it\"]}]}<\/script>\n<!-- \/ Yoast SEO plugin. -->","yoast_head_json":{"title":"Ges\u00f9 chi? - RI-PENSANDO-CI","robots":{"index":"index","follow":"follow","max-snippet":"max-snippet:-1","max-image-preview":"max-image-preview:large","max-video-preview":"max-video-preview:-1"},"canonical":"https:\/\/andreamonda.it\/?p=1092","og_locale":"it_IT","og_type":"article","og_title":"Ges\u00f9 chi? - RI-PENSANDO-CI","og_description":"(dalla rubrica Parole perdute di Avvenire, 2,9 e 16 aprile 2014) A volte capita che ti trovi in una situazione inaspettata, come fare supplenza in una classe che non conosci e che \u00e8 anche alquanto agitata. E allora pu\u00f2 spuntare &hellip; Continua a leggere&rarr;","og_url":"https:\/\/andreamonda.it\/?p=1092","og_site_name":"RI-PENSANDO-CI","article_published_time":"2014-04-21T08:32:53+00:00","og_image":[{"url":"https:\/\/andreamonda.it\/wp-content\/uploads\/2014\/04\/resurrezione-244x300.jpg","type":"","width":"","height":""}],"author":"Andrea Monda","twitter_misc":{"Scritto da":"Andrea Monda","Tempo di lettura stimato":"6 minuti"},"schema":{"@context":"https:\/\/schema.org","@graph":[{"@type":"Article","@id":"https:\/\/andreamonda.it\/?p=1092#article","isPartOf":{"@id":"https:\/\/andreamonda.it\/?p=1092"},"author":{"name":"Andrea Monda","@id":"https:\/\/andreamonda.it\/#\/schema\/person\/590cbeb42cfebc67374a49bbd6d3293d"},"headline":"Ges\u00f9 chi?","datePublished":"2014-04-21T08:32:53+00:00","mainEntityOfPage":{"@id":"https:\/\/andreamonda.it\/?p=1092"},"wordCount":1314,"commentCount":0,"publisher":{"@id":"https:\/\/andreamonda.it\/#\/schema\/person\/590cbeb42cfebc67374a49bbd6d3293d"},"image":{"@id":"https:\/\/andreamonda.it\/?p=1092#primaryimage"},"thumbnailUrl":"https:\/\/andreamonda.it\/wp-content\/uploads\/2014\/04\/resurrezione-244x300.jpg","articleSection":["Chiesa\/Bibbia","Scuola"],"inLanguage":"it-IT","potentialAction":[{"@type":"CommentAction","name":"Comment","target":["https:\/\/andreamonda.it\/?p=1092#respond"]}]},{"@type":"WebPage","@id":"https:\/\/andreamonda.it\/?p=1092","url":"https:\/\/andreamonda.it\/?p=1092","name":"Ges\u00f9 chi? - RI-PENSANDO-CI","isPartOf":{"@id":"https:\/\/andreamonda.it\/#website"},"primaryImageOfPage":{"@id":"https:\/\/andreamonda.it\/?p=1092#primaryimage"},"image":{"@id":"https:\/\/andreamonda.it\/?p=1092#primaryimage"},"thumbnailUrl":"https:\/\/andreamonda.it\/wp-content\/uploads\/2014\/04\/resurrezione-244x300.jpg","datePublished":"2014-04-21T08:32:53+00:00","breadcrumb":{"@id":"https:\/\/andreamonda.it\/?p=1092#breadcrumb"},"inLanguage":"it-IT","potentialAction":[{"@type":"ReadAction","target":["https:\/\/andreamonda.it\/?p=1092"]}]},{"@type":"ImageObject","inLanguage":"it-IT","@id":"https:\/\/andreamonda.it\/?p=1092#primaryimage","url":"https:\/\/andreamonda.it\/wp-content\/uploads\/2014\/04\/resurrezione.jpg","contentUrl":"https:\/\/andreamonda.it\/wp-content\/uploads\/2014\/04\/resurrezione.jpg","width":1105,"height":1356},{"@type":"BreadcrumbList","@id":"https:\/\/andreamonda.it\/?p=1092#breadcrumb","itemListElement":[{"@type":"ListItem","position":1,"name":"Home","item":"https:\/\/andreamonda.it\/"},{"@type":"ListItem","position":2,"name":"Ges\u00f9 chi?"}]},{"@type":"WebSite","@id":"https:\/\/andreamonda.it\/#website","url":"https:\/\/andreamonda.it\/","name":"RI-PENSANDO-CI","description":"Il segreto per fare bene il bene \u00e8 farlo insieme. Da soli ci perdiamo, insieme ci salviamo. Anche la sapienza rabbinica ci dice che a cadere siamo bravissimi da soli ma per alzarci abbiamo bisogno della mano di un amico.","publisher":{"@id":"https:\/\/andreamonda.it\/#\/schema\/person\/590cbeb42cfebc67374a49bbd6d3293d"},"potentialAction":[{"@type":"SearchAction","target":{"@type":"EntryPoint","urlTemplate":"https:\/\/andreamonda.it\/?s={search_term_string}"},"query-input":{"@type":"PropertyValueSpecification","valueRequired":true,"valueName":"search_term_string"}}],"inLanguage":"it-IT"},{"@type":["Person","Organization"],"@id":"https:\/\/andreamonda.it\/#\/schema\/person\/590cbeb42cfebc67374a49bbd6d3293d","name":"Andrea Monda","logo":{"@id":"https:\/\/andreamonda.it\/#\/schema\/person\/image\/"},"sameAs":["http:\/\/andreamonda.it"]}]}},"_links":{"self":[{"href":"https:\/\/andreamonda.it\/index.php?rest_route=\/wp\/v2\/posts\/1092","targetHints":{"allow":["GET"]}}],"collection":[{"href":"https:\/\/andreamonda.it\/index.php?rest_route=\/wp\/v2\/posts"}],"about":[{"href":"https:\/\/andreamonda.it\/index.php?rest_route=\/wp\/v2\/types\/post"}],"author":[{"embeddable":true,"href":"https:\/\/andreamonda.it\/index.php?rest_route=\/wp\/v2\/users\/2"}],"replies":[{"embeddable":true,"href":"https:\/\/andreamonda.it\/index.php?rest_route=%2Fwp%2Fv2%2Fcomments&post=1092"}],"version-history":[{"count":1,"href":"https:\/\/andreamonda.it\/index.php?rest_route=\/wp\/v2\/posts\/1092\/revisions"}],"predecessor-version":[{"id":1094,"href":"https:\/\/andreamonda.it\/index.php?rest_route=\/wp\/v2\/posts\/1092\/revisions\/1094"}],"wp:attachment":[{"href":"https:\/\/andreamonda.it\/index.php?rest_route=%2Fwp%2Fv2%2Fmedia&parent=1092"}],"wp:term":[{"taxonomy":"category","embeddable":true,"href":"https:\/\/andreamonda.it\/index.php?rest_route=%2Fwp%2Fv2%2Fcategories&post=1092"},{"taxonomy":"post_tag","embeddable":true,"href":"https:\/\/andreamonda.it\/index.php?rest_route=%2Fwp%2Fv2%2Ftags&post=1092"}],"curies":[{"name":"wp","href":"https:\/\/api.w.org\/{rel}","templated":true}]}}