{"id":1098,"date":"2014-04-27T17:59:03","date_gmt":"2014-04-27T15:59:03","guid":{"rendered":"http:\/\/andreamonda.it\/?p=1098"},"modified":"2014-04-21T18:06:25","modified_gmt":"2014-04-21T16:06:25","slug":"papi-gesuiti","status":"publish","type":"post","link":"https:\/\/andreamonda.it\/?p=1098","title":{"rendered":"Due Papi, due gesuiti"},"content":{"rendered":"<p>&nbsp;<\/p>\n<p align=\"JUSTIFY\">\n<img loading=\"lazy\" decoding=\"async\" class=\"alignleft size-medium wp-image-1099\" src=\"https:\/\/andreamonda.it\/wp-content\/uploads\/2014\/04\/Papi-omaggio-300x215.jpg\" alt=\"Papi omaggio\" width=\"300\" height=\"215\" srcset=\"https:\/\/andreamonda.it\/wp-content\/uploads\/2014\/04\/Papi-omaggio-300x215.jpg 300w, https:\/\/andreamonda.it\/wp-content\/uploads\/2014\/04\/Papi-omaggio-417x300.jpg 417w, https:\/\/andreamonda.it\/wp-content\/uploads\/2014\/04\/Papi-omaggio.jpg 960w\" sizes=\"auto, (max-width: 300px) 100vw, 300px\" \/>Il 22 febbraio nella Basilica di San Pietro, per il concistoro che ha creato 19 nuovi cardinali, si \u00e8 presentato a sorpresa anche il Papa emerito Benedetto XVI. L&#8217;immagine di Papa Ratzinger che si toglie il copricapo in un saluto di omaggio a Papa Bergoglio ha gi\u00e0 vinto la gara per la foto dell&#8217;anno 2014. Una sorpresa appunto perch\u00e8 un anno prima Benedetto XVI aveva annunciato, in latino, la sua decisione di dimettersi e di rimanere \u201cnascosto al mondo\u201d. E cos\u00ec \u00e8 stato, con qualche eccezione, pochissime in verit\u00e0, meno delle punta delle dita di una mano sola, rarissime occasioni in cui il mondo ha potuto ancora rivedere Joseph Ratzinger. Rivederlo, magari in una foto (in cui si saluta e abbraccia con il suo successore che, cos\u00ec si \u00e8 saputo, lo va spesso a trovare) oppure rileggerlo, come nel caso di buona parte della <i>Lumen Fidei<\/i>\u00a0o della recentissima lettera del 24 gennaio al collega teologo Hans Kung di cui \u00e8 stato reso pubblico l&#8217;elogio al Papa argentino: \u201c<i>Io sono grato di poter essere legato da una grande identit\u00e0 di vedute e da un\u2019amicizia di cuore a Papa Francesco. Io oggi vedo come mio unico e ultimo compito sostenere il suo Pontificato nella preghiera<\/i>\u201d. E il 22 febbraio il mondo lo ha potuto rivedere proprio l\u00ec, nel luogo \u201cpapale\u201d per eccellenza, a due passi dal baldacchino del Bernini sotto la cupola di San Pietro. L&#8217;effetto \u00e8 un po&#8217; strano, in effetti, e alcuni, forse gli stessi che non hanno ancora digerito il gesto clamoroso delle dimissioni, hanno storto il naso: \u201cma non aveva detto che spariva?\u201d.<\/p>\n<p align=\"JUSTIFY\">Perch\u00e8 lo avr\u00e0 fatto Benedetto? Nostalgia? Incapacit\u00e0 a restare recluso? Difficile a dirsi. Secondo me c&#8217;\u00e8 qualcosa che lega la lettera del 24 gennaio con l&#8217;apparizione del 22 febbraio, un legame che si ritrova nella parola \u201ccompito\u201d. Ratzinger \u00e8 un uomo quieto e diligente, che sa, come scriveva il gesuita Teilhard de Chardin che \u201cc&#8217;\u00e8 un&#8217;opera umana da compiere\u201d, che ogni uomo vive la sua vita \u2013 lo ha detto anche quando era Papa regnante &#8211; come una risposta ad una chiamata, una risposta da dare con generosit\u00e0, anche se questo pu\u00f2 costare sacrificio, anche se pu\u00f2 voler dire rinnegare se stessi. Il compito che oggi il Papa emerito sente come impellente \u00e8 sostenere il Papa governante; e se questo significa anche muoversi, uscire dalla clausura per andarlo ad abbracciare, in un momento in cui crescono le voci dissenzienti rispetto al Papa venuto dalla fine del mondo, allora ci si alza e si va, anche se si era promesso al mondo il totale nascondimento (anche perch\u00e8 le voci di chi dissente tendono continuamente a contrapporre i due Papi, a mettere Francesco contro Benedetto).<\/p>\n<p align=\"JUSTIFY\"><img loading=\"lazy\" decoding=\"async\" class=\"alignleft size-full wp-image-1100\" style=\"font-weight: inherit; font-style: inherit; color: inherit;\" src=\"https:\/\/andreamonda.it\/wp-content\/uploads\/2014\/04\/loyola.jpg\" alt=\"loyola\" width=\"225\" height=\"271\" \/>Tutta la vita di Ratzinger \u00e8 stata servire il Papa, magari contraddicendo i propri desideri e progetti, sin da quando Paolo VI nel 1978 lo ha nominato vescovo e poi Giovanni Paolo II lo ha voluto a Roma dal 1981 a tenere l&#8217;ingrato incarico di prefetto della Congregazione della dottrina delle fede. Ed \u00e8 quello che oggi l&#8217;anziano pontefice continua a fare.<\/p>\n<p align=\"JUSTIFY\">Un vero e proprio shock ha colpito i gesuiti quando il 13 marzo scorso \u00e8 stato eletto il primo Papa gesuita, espresso efficacemente all&#8217;indomani dell&#8217;evento da padre Antonio Spadaro, direttore della Civilt\u00e0 Cattolica: \u201cNoi gesuiti facciamo quattro e non tre voti, l&#8217;ultimo dei quali \u00e8 quello di totale fedelt\u00e0 al Papa; siamo stati da sempre abituati a servire il Papa, ora dovremmo abituarci ad una cosa assolutamente nuova, ad avere un Papa gesuita, forse non siamo ancora pronti\u201d. Il Papa \u201cvero\u201d \u00e8 Bergoglio, ma forse \u00e8 Ratzinger il vero gesuita?<\/p>\n<p>&nbsp;<\/p>\n<div><\/div>\n","protected":false},"excerpt":{"rendered":"<p>&nbsp; Il 22 febbraio nella Basilica di San Pietro, per il concistoro che ha creato 19 nuovi cardinali, si \u00e8 presentato a sorpresa anche il Papa emerito Benedetto XVI. L&#8217;immagine di Papa Ratzinger che si toglie il copricapo in un &hellip; <a href=\"https:\/\/andreamonda.it\/?p=1098\">Continua a leggere<span class=\"meta-nav\">&rarr;<\/span><\/a><\/p>\n","protected":false},"author":2,"featured_media":0,"comment_status":"open","ping_status":"closed","sticky":false,"template":"","format":"standard","meta":{"footnotes":""},"categories":[7],"tags":[],"class_list":["post-1098","post","type-post","status-publish","format-standard","hentry","category-chiesabibbia"],"yoast_head":"<!-- This site is optimized with the Yoast SEO plugin v27.5 - https:\/\/yoast.com\/product\/yoast-seo-wordpress\/ -->\n<title>Due Papi, due gesuiti - RI-PENSANDO-CI<\/title>\n<meta name=\"robots\" content=\"index, follow, max-snippet:-1, max-image-preview:large, max-video-preview:-1\" \/>\n<link rel=\"canonical\" href=\"https:\/\/andreamonda.it\/?p=1098\" \/>\n<meta property=\"og:locale\" content=\"it_IT\" \/>\n<meta property=\"og:type\" content=\"article\" \/>\n<meta property=\"og:title\" content=\"Due Papi, due gesuiti - RI-PENSANDO-CI\" \/>\n<meta property=\"og:description\" content=\"&nbsp; Il 22 febbraio nella Basilica di San Pietro, per il concistoro che ha creato 19 nuovi cardinali, si \u00e8 presentato a sorpresa anche il Papa emerito Benedetto XVI. L&#8217;immagine di Papa Ratzinger che si toglie il copricapo in un &hellip; Continua a leggere&rarr;\" \/>\n<meta property=\"og:url\" content=\"https:\/\/andreamonda.it\/?p=1098\" \/>\n<meta property=\"og:site_name\" content=\"RI-PENSANDO-CI\" \/>\n<meta property=\"article:published_time\" content=\"2014-04-27T15:59:03+00:00\" \/>\n<meta property=\"og:image\" content=\"https:\/\/andreamonda.it\/wp-content\/uploads\/2014\/04\/Papi-omaggio-300x215.jpg\" \/>\n<meta name=\"author\" content=\"Andrea Monda\" \/>\n<meta name=\"twitter:label1\" content=\"Scritto da\" \/>\n\t<meta name=\"twitter:data1\" content=\"Andrea Monda\" \/>\n\t<meta name=\"twitter:label2\" content=\"Tempo di lettura stimato\" \/>\n\t<meta name=\"twitter:data2\" content=\"3 minuti\" \/>\n<script type=\"application\/ld+json\" class=\"yoast-schema-graph\">{\"@context\":\"https:\\\/\\\/schema.org\",\"@graph\":[{\"@type\":\"Article\",\"@id\":\"https:\\\/\\\/andreamonda.it\\\/?p=1098#article\",\"isPartOf\":{\"@id\":\"https:\\\/\\\/andreamonda.it\\\/?p=1098\"},\"author\":{\"name\":\"Andrea Monda\",\"@id\":\"https:\\\/\\\/andreamonda.it\\\/#\\\/schema\\\/person\\\/590cbeb42cfebc67374a49bbd6d3293d\"},\"headline\":\"Due Papi, due gesuiti\",\"datePublished\":\"2014-04-27T15:59:03+00:00\",\"mainEntityOfPage\":{\"@id\":\"https:\\\/\\\/andreamonda.it\\\/?p=1098\"},\"wordCount\":595,\"commentCount\":0,\"publisher\":{\"@id\":\"https:\\\/\\\/andreamonda.it\\\/#\\\/schema\\\/person\\\/590cbeb42cfebc67374a49bbd6d3293d\"},\"image\":{\"@id\":\"https:\\\/\\\/andreamonda.it\\\/?p=1098#primaryimage\"},\"thumbnailUrl\":\"https:\\\/\\\/andreamonda.it\\\/wp-content\\\/uploads\\\/2014\\\/04\\\/Papi-omaggio-300x215.jpg\",\"articleSection\":[\"Chiesa\\\/Bibbia\"],\"inLanguage\":\"it-IT\",\"potentialAction\":[{\"@type\":\"CommentAction\",\"name\":\"Comment\",\"target\":[\"https:\\\/\\\/andreamonda.it\\\/?p=1098#respond\"]}]},{\"@type\":\"WebPage\",\"@id\":\"https:\\\/\\\/andreamonda.it\\\/?p=1098\",\"url\":\"https:\\\/\\\/andreamonda.it\\\/?p=1098\",\"name\":\"Due Papi, due gesuiti - RI-PENSANDO-CI\",\"isPartOf\":{\"@id\":\"https:\\\/\\\/andreamonda.it\\\/#website\"},\"primaryImageOfPage\":{\"@id\":\"https:\\\/\\\/andreamonda.it\\\/?p=1098#primaryimage\"},\"image\":{\"@id\":\"https:\\\/\\\/andreamonda.it\\\/?p=1098#primaryimage\"},\"thumbnailUrl\":\"https:\\\/\\\/andreamonda.it\\\/wp-content\\\/uploads\\\/2014\\\/04\\\/Papi-omaggio-300x215.jpg\",\"datePublished\":\"2014-04-27T15:59:03+00:00\",\"breadcrumb\":{\"@id\":\"https:\\\/\\\/andreamonda.it\\\/?p=1098#breadcrumb\"},\"inLanguage\":\"it-IT\",\"potentialAction\":[{\"@type\":\"ReadAction\",\"target\":[\"https:\\\/\\\/andreamonda.it\\\/?p=1098\"]}]},{\"@type\":\"ImageObject\",\"inLanguage\":\"it-IT\",\"@id\":\"https:\\\/\\\/andreamonda.it\\\/?p=1098#primaryimage\",\"url\":\"https:\\\/\\\/andreamonda.it\\\/wp-content\\\/uploads\\\/2014\\\/04\\\/Papi-omaggio.jpg\",\"contentUrl\":\"https:\\\/\\\/andreamonda.it\\\/wp-content\\\/uploads\\\/2014\\\/04\\\/Papi-omaggio.jpg\",\"width\":960,\"height\":689},{\"@type\":\"BreadcrumbList\",\"@id\":\"https:\\\/\\\/andreamonda.it\\\/?p=1098#breadcrumb\",\"itemListElement\":[{\"@type\":\"ListItem\",\"position\":1,\"name\":\"Home\",\"item\":\"https:\\\/\\\/andreamonda.it\\\/\"},{\"@type\":\"ListItem\",\"position\":2,\"name\":\"Due Papi, due gesuiti\"}]},{\"@type\":\"WebSite\",\"@id\":\"https:\\\/\\\/andreamonda.it\\\/#website\",\"url\":\"https:\\\/\\\/andreamonda.it\\\/\",\"name\":\"RI-PENSANDO-CI\",\"description\":\"Il segreto per fare bene il bene \u00e8 farlo insieme. Da soli ci perdiamo, insieme ci salviamo. Anche la sapienza rabbinica ci dice che a cadere siamo bravissimi da soli ma per alzarci abbiamo bisogno della mano di un amico.\",\"publisher\":{\"@id\":\"https:\\\/\\\/andreamonda.it\\\/#\\\/schema\\\/person\\\/590cbeb42cfebc67374a49bbd6d3293d\"},\"potentialAction\":[{\"@type\":\"SearchAction\",\"target\":{\"@type\":\"EntryPoint\",\"urlTemplate\":\"https:\\\/\\\/andreamonda.it\\\/?s={search_term_string}\"},\"query-input\":{\"@type\":\"PropertyValueSpecification\",\"valueRequired\":true,\"valueName\":\"search_term_string\"}}],\"inLanguage\":\"it-IT\"},{\"@type\":[\"Person\",\"Organization\"],\"@id\":\"https:\\\/\\\/andreamonda.it\\\/#\\\/schema\\\/person\\\/590cbeb42cfebc67374a49bbd6d3293d\",\"name\":\"Andrea Monda\",\"logo\":{\"@id\":\"https:\\\/\\\/andreamonda.it\\\/#\\\/schema\\\/person\\\/image\\\/\"},\"sameAs\":[\"http:\\\/\\\/andreamonda.it\"]}]}<\/script>\n<!-- \/ Yoast SEO plugin. -->","yoast_head_json":{"title":"Due Papi, due gesuiti - RI-PENSANDO-CI","robots":{"index":"index","follow":"follow","max-snippet":"max-snippet:-1","max-image-preview":"max-image-preview:large","max-video-preview":"max-video-preview:-1"},"canonical":"https:\/\/andreamonda.it\/?p=1098","og_locale":"it_IT","og_type":"article","og_title":"Due Papi, due gesuiti - RI-PENSANDO-CI","og_description":"&nbsp; Il 22 febbraio nella Basilica di San Pietro, per il concistoro che ha creato 19 nuovi cardinali, si \u00e8 presentato a sorpresa anche il Papa emerito Benedetto XVI. L&#8217;immagine di Papa Ratzinger che si toglie il copricapo in un &hellip; Continua a leggere&rarr;","og_url":"https:\/\/andreamonda.it\/?p=1098","og_site_name":"RI-PENSANDO-CI","article_published_time":"2014-04-27T15:59:03+00:00","og_image":[{"url":"https:\/\/andreamonda.it\/wp-content\/uploads\/2014\/04\/Papi-omaggio-300x215.jpg","type":"","width":"","height":""}],"author":"Andrea Monda","twitter_misc":{"Scritto da":"Andrea Monda","Tempo di lettura stimato":"3 minuti"},"schema":{"@context":"https:\/\/schema.org","@graph":[{"@type":"Article","@id":"https:\/\/andreamonda.it\/?p=1098#article","isPartOf":{"@id":"https:\/\/andreamonda.it\/?p=1098"},"author":{"name":"Andrea Monda","@id":"https:\/\/andreamonda.it\/#\/schema\/person\/590cbeb42cfebc67374a49bbd6d3293d"},"headline":"Due Papi, due gesuiti","datePublished":"2014-04-27T15:59:03+00:00","mainEntityOfPage":{"@id":"https:\/\/andreamonda.it\/?p=1098"},"wordCount":595,"commentCount":0,"publisher":{"@id":"https:\/\/andreamonda.it\/#\/schema\/person\/590cbeb42cfebc67374a49bbd6d3293d"},"image":{"@id":"https:\/\/andreamonda.it\/?p=1098#primaryimage"},"thumbnailUrl":"https:\/\/andreamonda.it\/wp-content\/uploads\/2014\/04\/Papi-omaggio-300x215.jpg","articleSection":["Chiesa\/Bibbia"],"inLanguage":"it-IT","potentialAction":[{"@type":"CommentAction","name":"Comment","target":["https:\/\/andreamonda.it\/?p=1098#respond"]}]},{"@type":"WebPage","@id":"https:\/\/andreamonda.it\/?p=1098","url":"https:\/\/andreamonda.it\/?p=1098","name":"Due Papi, due gesuiti - RI-PENSANDO-CI","isPartOf":{"@id":"https:\/\/andreamonda.it\/#website"},"primaryImageOfPage":{"@id":"https:\/\/andreamonda.it\/?p=1098#primaryimage"},"image":{"@id":"https:\/\/andreamonda.it\/?p=1098#primaryimage"},"thumbnailUrl":"https:\/\/andreamonda.it\/wp-content\/uploads\/2014\/04\/Papi-omaggio-300x215.jpg","datePublished":"2014-04-27T15:59:03+00:00","breadcrumb":{"@id":"https:\/\/andreamonda.it\/?p=1098#breadcrumb"},"inLanguage":"it-IT","potentialAction":[{"@type":"ReadAction","target":["https:\/\/andreamonda.it\/?p=1098"]}]},{"@type":"ImageObject","inLanguage":"it-IT","@id":"https:\/\/andreamonda.it\/?p=1098#primaryimage","url":"https:\/\/andreamonda.it\/wp-content\/uploads\/2014\/04\/Papi-omaggio.jpg","contentUrl":"https:\/\/andreamonda.it\/wp-content\/uploads\/2014\/04\/Papi-omaggio.jpg","width":960,"height":689},{"@type":"BreadcrumbList","@id":"https:\/\/andreamonda.it\/?p=1098#breadcrumb","itemListElement":[{"@type":"ListItem","position":1,"name":"Home","item":"https:\/\/andreamonda.it\/"},{"@type":"ListItem","position":2,"name":"Due Papi, due gesuiti"}]},{"@type":"WebSite","@id":"https:\/\/andreamonda.it\/#website","url":"https:\/\/andreamonda.it\/","name":"RI-PENSANDO-CI","description":"Il segreto per fare bene il bene \u00e8 farlo insieme. Da soli ci perdiamo, insieme ci salviamo. Anche la sapienza rabbinica ci dice che a cadere siamo bravissimi da soli ma per alzarci abbiamo bisogno della mano di un amico.","publisher":{"@id":"https:\/\/andreamonda.it\/#\/schema\/person\/590cbeb42cfebc67374a49bbd6d3293d"},"potentialAction":[{"@type":"SearchAction","target":{"@type":"EntryPoint","urlTemplate":"https:\/\/andreamonda.it\/?s={search_term_string}"},"query-input":{"@type":"PropertyValueSpecification","valueRequired":true,"valueName":"search_term_string"}}],"inLanguage":"it-IT"},{"@type":["Person","Organization"],"@id":"https:\/\/andreamonda.it\/#\/schema\/person\/590cbeb42cfebc67374a49bbd6d3293d","name":"Andrea Monda","logo":{"@id":"https:\/\/andreamonda.it\/#\/schema\/person\/image\/"},"sameAs":["http:\/\/andreamonda.it"]}]}},"_links":{"self":[{"href":"https:\/\/andreamonda.it\/index.php?rest_route=\/wp\/v2\/posts\/1098","targetHints":{"allow":["GET"]}}],"collection":[{"href":"https:\/\/andreamonda.it\/index.php?rest_route=\/wp\/v2\/posts"}],"about":[{"href":"https:\/\/andreamonda.it\/index.php?rest_route=\/wp\/v2\/types\/post"}],"author":[{"embeddable":true,"href":"https:\/\/andreamonda.it\/index.php?rest_route=\/wp\/v2\/users\/2"}],"replies":[{"embeddable":true,"href":"https:\/\/andreamonda.it\/index.php?rest_route=%2Fwp%2Fv2%2Fcomments&post=1098"}],"version-history":[{"count":1,"href":"https:\/\/andreamonda.it\/index.php?rest_route=\/wp\/v2\/posts\/1098\/revisions"}],"predecessor-version":[{"id":1101,"href":"https:\/\/andreamonda.it\/index.php?rest_route=\/wp\/v2\/posts\/1098\/revisions\/1101"}],"wp:attachment":[{"href":"https:\/\/andreamonda.it\/index.php?rest_route=%2Fwp%2Fv2%2Fmedia&parent=1098"}],"wp:term":[{"taxonomy":"category","embeddable":true,"href":"https:\/\/andreamonda.it\/index.php?rest_route=%2Fwp%2Fv2%2Fcategories&post=1098"},{"taxonomy":"post_tag","embeddable":true,"href":"https:\/\/andreamonda.it\/index.php?rest_route=%2Fwp%2Fv2%2Ftags&post=1098"}],"curies":[{"name":"wp","href":"https:\/\/api.w.org\/{rel}","templated":true}]}}