{"id":1118,"date":"2014-05-07T18:56:02","date_gmt":"2014-05-07T16:56:02","guid":{"rendered":"http:\/\/andreamonda.it\/?p=1118"},"modified":"2014-05-07T18:56:02","modified_gmt":"2014-05-07T16:56:02","slug":"parole-perdute-santi-papi-numeri","status":"publish","type":"post","link":"https:\/\/andreamonda.it\/?p=1118","title":{"rendered":"Parole perdute: santi, papi, numeri.."},"content":{"rendered":"<p><img loading=\"lazy\" decoding=\"async\" class=\"alignleft size-medium wp-image-1119\" src=\"https:\/\/andreamonda.it\/wp-content\/uploads\/2014\/05\/4h1-300x96.jpg\" alt=\"ESY-001403993\" width=\"300\" height=\"96\" srcset=\"https:\/\/andreamonda.it\/wp-content\/uploads\/2014\/05\/4h1-300x96.jpg 300w, https:\/\/andreamonda.it\/wp-content\/uploads\/2014\/05\/4h1-500x160.jpg 500w, https:\/\/andreamonda.it\/wp-content\/uploads\/2014\/05\/4h1.jpg 976w\" sizes=\"auto, (max-width: 300px) 100vw, 300px\" \/>Andrea \u00e8 sicuro, spedito: \u00abPer me \u00e8 chiarissima l&#8217;immagine di Dio, prof, ha presente Zeus?\u00bb. \u00abA quale immagine di Zeus ti riferisci?\u00bb. \u00abQuello di lui con la barba folta e i capelli al vento, quando sta cos\u00ec con il braccio teso&#8230;\u00bb e mima il gesto per cui io comprendo, inequivocabilmente, l&#8217;equivoco: sta parlando dell&#8217;affresco michelangiolesco della creazione di Adamo, con il dito di Dio che quasi tocca (o ha appena toccato?) il dito del primo uomo.<br \/>\nA me Andrea \u00e8 simpatico, anche per una specie di solidariet\u00e0 per omonimia, ma questa volta si \u00e8 superato sovrapponendo e confondendo il nome di Zeus al volto del Dio raccontato dal libro della Genesi. Per\u00f2 in fondo ha espresso una suggestione molto diffusa, quella legata alla potenza immaginifica dell&#8217;arte di Michelangelo, quell&#8217;arte che ha spinto Karol Wojtyla nel suo Trittico Romano del 2003 ad affermare che: \u00abIl Libro aspetta l&#8217;immagine &#8211; \u00c8 giusto: aspettava un suo Michelangelo\u00bb.<br \/>\nUna creazione, quella di Dio, incompleta, che attende l&#8217;opera, anche artistica, dell&#8217;uomo. Sono tentato di intraprendere questa strada che mi si \u00e8 spalancata davanti, la strada della Bellezza, via pulchritudinis&#8230; ma forse \u00e8 meglio procedere gradualmente, ho davanti a me i quattordicenni del ginnasio, non i maturandi del liceo e approfitto dell&#8217;aver citato Giovanni Paolo II, da qualche giorno elevato agli onori degli altari per abbassare il livello (almeno secondo me).<br \/>\nSul volto dei santi, di San Giovanni XXIII e di San Giovanni Paolo II, splende la bellezza del volto di Dio, chiedo quindi loro cosa hanno capito del grande evento di domenica 27 aprile con la duplice canonizzazione. Le risposte sono vaghe. Li aiuto con qualche domanda: \u00abChi \u00e8, cosa significa essere santo?\u00bb, \u00abChi \u00e8 il Papa?\u00bb. Anzich\u00e9 scioglierli li ho bloccati. Succedono a volte degli strani incastri per cui le conversazioni prendono pieghe impreviste che portano a vicoli ciechi. Cerco di venirne fuori: \u00abNon \u00e8 la prima volta che un Papa \u00e8 proclamato santo, ma innanzitutto chi \u00e8 stato il primo Papa?\u00bb.<br \/>\nIncrocio con lo sguardo Pierluigi, che si ritiene formalmente interrogato e risponde: \u00abPio XII\u00bb. Qualcuno ride, io dentro di me piagnucolo, e rincalzo: \u00abQui il problema mi sembra la matematica, non la storia: e i primi undici che fine hanno fatto?\u00bb. Sergio, il compagno di banco, gli suggerisce: \u00abPio I!\u00bb. \u00abLasciamo perdere Pio, forza, quando \u00e8 iniziata la storia della chiesa?\u00bb. \u00abNel 1850\u00bb. Chiss\u00e0 perch\u00e9 quella data poi, mi chiedo e penso tra me e me: la questione merita di essere indagata, me lo riprometto, ma avverto forte la malinconia di non avere preso la via pulchritudinis&#8230;<br \/>\n(Apparso su Avvenire del 7 maggio 2014)<\/p>\n","protected":false},"excerpt":{"rendered":"<p>Andrea \u00e8 sicuro, spedito: \u00abPer me \u00e8 chiarissima l&#8217;immagine di Dio, prof, ha presente Zeus?\u00bb. \u00abA quale immagine di Zeus ti riferisci?\u00bb. \u00abQuello di lui con la barba folta e i capelli al vento, quando sta cos\u00ec con il braccio &hellip; <a href=\"https:\/\/andreamonda.it\/?p=1118\">Continua a leggere<span class=\"meta-nav\">&rarr;<\/span><\/a><\/p>\n","protected":false},"author":2,"featured_media":0,"comment_status":"open","ping_status":"closed","sticky":false,"template":"","format":"standard","meta":{"footnotes":""},"categories":[7,9],"tags":[],"class_list":["post-1118","post","type-post","status-publish","format-standard","hentry","category-chiesabibbia","category-scuola"],"yoast_head":"<!-- This site is optimized with the Yoast SEO plugin v27.5 - https:\/\/yoast.com\/product\/yoast-seo-wordpress\/ -->\n<title>Parole perdute: santi, papi, numeri.. - RI-PENSANDO-CI<\/title>\n<meta name=\"robots\" content=\"index, follow, max-snippet:-1, max-image-preview:large, max-video-preview:-1\" \/>\n<link rel=\"canonical\" href=\"https:\/\/andreamonda.it\/?p=1118\" \/>\n<meta property=\"og:locale\" content=\"it_IT\" \/>\n<meta property=\"og:type\" content=\"article\" \/>\n<meta property=\"og:title\" content=\"Parole perdute: santi, papi, numeri.. - RI-PENSANDO-CI\" \/>\n<meta property=\"og:description\" content=\"Andrea \u00e8 sicuro, spedito: \u00abPer me \u00e8 chiarissima l&#8217;immagine di Dio, prof, ha presente Zeus?\u00bb. \u00abA quale immagine di Zeus ti riferisci?\u00bb. \u00abQuello di lui con la barba folta e i capelli al vento, quando sta cos\u00ec con il braccio &hellip; Continua a leggere&rarr;\" \/>\n<meta property=\"og:url\" content=\"https:\/\/andreamonda.it\/?p=1118\" \/>\n<meta property=\"og:site_name\" content=\"RI-PENSANDO-CI\" \/>\n<meta property=\"article:published_time\" content=\"2014-05-07T16:56:02+00:00\" \/>\n<meta property=\"og:image\" content=\"https:\/\/andreamonda.it\/wp-content\/uploads\/2014\/05\/4h1-300x96.jpg\" \/>\n<meta name=\"author\" content=\"Andrea Monda\" \/>\n<meta name=\"twitter:label1\" content=\"Scritto da\" \/>\n\t<meta name=\"twitter:data1\" content=\"Andrea Monda\" \/>\n\t<meta name=\"twitter:label2\" content=\"Tempo di lettura stimato\" \/>\n\t<meta name=\"twitter:data2\" content=\"2 minuti\" \/>\n<script type=\"application\/ld+json\" class=\"yoast-schema-graph\">{\"@context\":\"https:\\\/\\\/schema.org\",\"@graph\":[{\"@type\":\"Article\",\"@id\":\"https:\\\/\\\/andreamonda.it\\\/?p=1118#article\",\"isPartOf\":{\"@id\":\"https:\\\/\\\/andreamonda.it\\\/?p=1118\"},\"author\":{\"name\":\"Andrea Monda\",\"@id\":\"https:\\\/\\\/andreamonda.it\\\/#\\\/schema\\\/person\\\/590cbeb42cfebc67374a49bbd6d3293d\"},\"headline\":\"Parole perdute: santi, papi, numeri..\",\"datePublished\":\"2014-05-07T16:56:02+00:00\",\"mainEntityOfPage\":{\"@id\":\"https:\\\/\\\/andreamonda.it\\\/?p=1118\"},\"wordCount\":428,\"commentCount\":1,\"publisher\":{\"@id\":\"https:\\\/\\\/andreamonda.it\\\/#\\\/schema\\\/person\\\/590cbeb42cfebc67374a49bbd6d3293d\"},\"image\":{\"@id\":\"https:\\\/\\\/andreamonda.it\\\/?p=1118#primaryimage\"},\"thumbnailUrl\":\"https:\\\/\\\/andreamonda.it\\\/wp-content\\\/uploads\\\/2014\\\/05\\\/4h1-300x96.jpg\",\"articleSection\":[\"Chiesa\\\/Bibbia\",\"Scuola\"],\"inLanguage\":\"it-IT\",\"potentialAction\":[{\"@type\":\"CommentAction\",\"name\":\"Comment\",\"target\":[\"https:\\\/\\\/andreamonda.it\\\/?p=1118#respond\"]}]},{\"@type\":\"WebPage\",\"@id\":\"https:\\\/\\\/andreamonda.it\\\/?p=1118\",\"url\":\"https:\\\/\\\/andreamonda.it\\\/?p=1118\",\"name\":\"Parole perdute: santi, papi, numeri.. - RI-PENSANDO-CI\",\"isPartOf\":{\"@id\":\"https:\\\/\\\/andreamonda.it\\\/#website\"},\"primaryImageOfPage\":{\"@id\":\"https:\\\/\\\/andreamonda.it\\\/?p=1118#primaryimage\"},\"image\":{\"@id\":\"https:\\\/\\\/andreamonda.it\\\/?p=1118#primaryimage\"},\"thumbnailUrl\":\"https:\\\/\\\/andreamonda.it\\\/wp-content\\\/uploads\\\/2014\\\/05\\\/4h1-300x96.jpg\",\"datePublished\":\"2014-05-07T16:56:02+00:00\",\"breadcrumb\":{\"@id\":\"https:\\\/\\\/andreamonda.it\\\/?p=1118#breadcrumb\"},\"inLanguage\":\"it-IT\",\"potentialAction\":[{\"@type\":\"ReadAction\",\"target\":[\"https:\\\/\\\/andreamonda.it\\\/?p=1118\"]}]},{\"@type\":\"ImageObject\",\"inLanguage\":\"it-IT\",\"@id\":\"https:\\\/\\\/andreamonda.it\\\/?p=1118#primaryimage\",\"url\":\"https:\\\/\\\/andreamonda.it\\\/wp-content\\\/uploads\\\/2014\\\/05\\\/4h1.jpg\",\"contentUrl\":\"https:\\\/\\\/andreamonda.it\\\/wp-content\\\/uploads\\\/2014\\\/05\\\/4h1.jpg\",\"width\":976,\"height\":313},{\"@type\":\"BreadcrumbList\",\"@id\":\"https:\\\/\\\/andreamonda.it\\\/?p=1118#breadcrumb\",\"itemListElement\":[{\"@type\":\"ListItem\",\"position\":1,\"name\":\"Home\",\"item\":\"https:\\\/\\\/andreamonda.it\\\/\"},{\"@type\":\"ListItem\",\"position\":2,\"name\":\"Parole perdute: santi, papi, numeri..\"}]},{\"@type\":\"WebSite\",\"@id\":\"https:\\\/\\\/andreamonda.it\\\/#website\",\"url\":\"https:\\\/\\\/andreamonda.it\\\/\",\"name\":\"RI-PENSANDO-CI\",\"description\":\"Il segreto per fare bene il bene \u00e8 farlo insieme. Da soli ci perdiamo, insieme ci salviamo. Anche la sapienza rabbinica ci dice che a cadere siamo bravissimi da soli ma per alzarci abbiamo bisogno della mano di un amico.\",\"publisher\":{\"@id\":\"https:\\\/\\\/andreamonda.it\\\/#\\\/schema\\\/person\\\/590cbeb42cfebc67374a49bbd6d3293d\"},\"potentialAction\":[{\"@type\":\"SearchAction\",\"target\":{\"@type\":\"EntryPoint\",\"urlTemplate\":\"https:\\\/\\\/andreamonda.it\\\/?s={search_term_string}\"},\"query-input\":{\"@type\":\"PropertyValueSpecification\",\"valueRequired\":true,\"valueName\":\"search_term_string\"}}],\"inLanguage\":\"it-IT\"},{\"@type\":[\"Person\",\"Organization\"],\"@id\":\"https:\\\/\\\/andreamonda.it\\\/#\\\/schema\\\/person\\\/590cbeb42cfebc67374a49bbd6d3293d\",\"name\":\"Andrea Monda\",\"logo\":{\"@id\":\"https:\\\/\\\/andreamonda.it\\\/#\\\/schema\\\/person\\\/image\\\/\"},\"sameAs\":[\"http:\\\/\\\/andreamonda.it\"]}]}<\/script>\n<!-- \/ Yoast SEO plugin. -->","yoast_head_json":{"title":"Parole perdute: santi, papi, numeri.. - RI-PENSANDO-CI","robots":{"index":"index","follow":"follow","max-snippet":"max-snippet:-1","max-image-preview":"max-image-preview:large","max-video-preview":"max-video-preview:-1"},"canonical":"https:\/\/andreamonda.it\/?p=1118","og_locale":"it_IT","og_type":"article","og_title":"Parole perdute: santi, papi, numeri.. - RI-PENSANDO-CI","og_description":"Andrea \u00e8 sicuro, spedito: \u00abPer me \u00e8 chiarissima l&#8217;immagine di Dio, prof, ha presente Zeus?\u00bb. \u00abA quale immagine di Zeus ti riferisci?\u00bb. \u00abQuello di lui con la barba folta e i capelli al vento, quando sta cos\u00ec con il braccio &hellip; Continua a leggere&rarr;","og_url":"https:\/\/andreamonda.it\/?p=1118","og_site_name":"RI-PENSANDO-CI","article_published_time":"2014-05-07T16:56:02+00:00","og_image":[{"url":"https:\/\/andreamonda.it\/wp-content\/uploads\/2014\/05\/4h1-300x96.jpg","type":"","width":"","height":""}],"author":"Andrea Monda","twitter_misc":{"Scritto da":"Andrea Monda","Tempo di lettura stimato":"2 minuti"},"schema":{"@context":"https:\/\/schema.org","@graph":[{"@type":"Article","@id":"https:\/\/andreamonda.it\/?p=1118#article","isPartOf":{"@id":"https:\/\/andreamonda.it\/?p=1118"},"author":{"name":"Andrea Monda","@id":"https:\/\/andreamonda.it\/#\/schema\/person\/590cbeb42cfebc67374a49bbd6d3293d"},"headline":"Parole perdute: santi, papi, numeri..","datePublished":"2014-05-07T16:56:02+00:00","mainEntityOfPage":{"@id":"https:\/\/andreamonda.it\/?p=1118"},"wordCount":428,"commentCount":1,"publisher":{"@id":"https:\/\/andreamonda.it\/#\/schema\/person\/590cbeb42cfebc67374a49bbd6d3293d"},"image":{"@id":"https:\/\/andreamonda.it\/?p=1118#primaryimage"},"thumbnailUrl":"https:\/\/andreamonda.it\/wp-content\/uploads\/2014\/05\/4h1-300x96.jpg","articleSection":["Chiesa\/Bibbia","Scuola"],"inLanguage":"it-IT","potentialAction":[{"@type":"CommentAction","name":"Comment","target":["https:\/\/andreamonda.it\/?p=1118#respond"]}]},{"@type":"WebPage","@id":"https:\/\/andreamonda.it\/?p=1118","url":"https:\/\/andreamonda.it\/?p=1118","name":"Parole perdute: santi, papi, numeri.. - RI-PENSANDO-CI","isPartOf":{"@id":"https:\/\/andreamonda.it\/#website"},"primaryImageOfPage":{"@id":"https:\/\/andreamonda.it\/?p=1118#primaryimage"},"image":{"@id":"https:\/\/andreamonda.it\/?p=1118#primaryimage"},"thumbnailUrl":"https:\/\/andreamonda.it\/wp-content\/uploads\/2014\/05\/4h1-300x96.jpg","datePublished":"2014-05-07T16:56:02+00:00","breadcrumb":{"@id":"https:\/\/andreamonda.it\/?p=1118#breadcrumb"},"inLanguage":"it-IT","potentialAction":[{"@type":"ReadAction","target":["https:\/\/andreamonda.it\/?p=1118"]}]},{"@type":"ImageObject","inLanguage":"it-IT","@id":"https:\/\/andreamonda.it\/?p=1118#primaryimage","url":"https:\/\/andreamonda.it\/wp-content\/uploads\/2014\/05\/4h1.jpg","contentUrl":"https:\/\/andreamonda.it\/wp-content\/uploads\/2014\/05\/4h1.jpg","width":976,"height":313},{"@type":"BreadcrumbList","@id":"https:\/\/andreamonda.it\/?p=1118#breadcrumb","itemListElement":[{"@type":"ListItem","position":1,"name":"Home","item":"https:\/\/andreamonda.it\/"},{"@type":"ListItem","position":2,"name":"Parole perdute: santi, papi, numeri.."}]},{"@type":"WebSite","@id":"https:\/\/andreamonda.it\/#website","url":"https:\/\/andreamonda.it\/","name":"RI-PENSANDO-CI","description":"Il segreto per fare bene il bene \u00e8 farlo insieme. Da soli ci perdiamo, insieme ci salviamo. Anche la sapienza rabbinica ci dice che a cadere siamo bravissimi da soli ma per alzarci abbiamo bisogno della mano di un amico.","publisher":{"@id":"https:\/\/andreamonda.it\/#\/schema\/person\/590cbeb42cfebc67374a49bbd6d3293d"},"potentialAction":[{"@type":"SearchAction","target":{"@type":"EntryPoint","urlTemplate":"https:\/\/andreamonda.it\/?s={search_term_string}"},"query-input":{"@type":"PropertyValueSpecification","valueRequired":true,"valueName":"search_term_string"}}],"inLanguage":"it-IT"},{"@type":["Person","Organization"],"@id":"https:\/\/andreamonda.it\/#\/schema\/person\/590cbeb42cfebc67374a49bbd6d3293d","name":"Andrea Monda","logo":{"@id":"https:\/\/andreamonda.it\/#\/schema\/person\/image\/"},"sameAs":["http:\/\/andreamonda.it"]}]}},"_links":{"self":[{"href":"https:\/\/andreamonda.it\/index.php?rest_route=\/wp\/v2\/posts\/1118","targetHints":{"allow":["GET"]}}],"collection":[{"href":"https:\/\/andreamonda.it\/index.php?rest_route=\/wp\/v2\/posts"}],"about":[{"href":"https:\/\/andreamonda.it\/index.php?rest_route=\/wp\/v2\/types\/post"}],"author":[{"embeddable":true,"href":"https:\/\/andreamonda.it\/index.php?rest_route=\/wp\/v2\/users\/2"}],"replies":[{"embeddable":true,"href":"https:\/\/andreamonda.it\/index.php?rest_route=%2Fwp%2Fv2%2Fcomments&post=1118"}],"version-history":[{"count":1,"href":"https:\/\/andreamonda.it\/index.php?rest_route=\/wp\/v2\/posts\/1118\/revisions"}],"predecessor-version":[{"id":1120,"href":"https:\/\/andreamonda.it\/index.php?rest_route=\/wp\/v2\/posts\/1118\/revisions\/1120"}],"wp:attachment":[{"href":"https:\/\/andreamonda.it\/index.php?rest_route=%2Fwp%2Fv2%2Fmedia&parent=1118"}],"wp:term":[{"taxonomy":"category","embeddable":true,"href":"https:\/\/andreamonda.it\/index.php?rest_route=%2Fwp%2Fv2%2Fcategories&post=1118"},{"taxonomy":"post_tag","embeddable":true,"href":"https:\/\/andreamonda.it\/index.php?rest_route=%2Fwp%2Fv2%2Ftags&post=1118"}],"curies":[{"name":"wp","href":"https:\/\/api.w.org\/{rel}","templated":true}]}}