{"id":1123,"date":"2014-05-14T19:24:49","date_gmt":"2014-05-14T17:24:49","guid":{"rendered":"http:\/\/andreamonda.it\/?p=1123"},"modified":"2014-05-14T19:24:49","modified_gmt":"2014-05-14T17:24:49","slug":"parole-perdute-santi-papi","status":"publish","type":"post","link":"https:\/\/andreamonda.it\/?p=1123","title":{"rendered":"Parole perdute: santi e papi"},"content":{"rendered":"<p><img loading=\"lazy\" decoding=\"async\" class=\"alignleft size-medium wp-image-1000\" src=\"https:\/\/andreamonda.it\/wp-content\/uploads\/2014\/01\/2-Papi-fuori-300x198.jpg\" alt=\"2 Papi fuori\" width=\"300\" height=\"198\" srcset=\"https:\/\/andreamonda.it\/wp-content\/uploads\/2014\/01\/2-Papi-fuori-300x198.jpg 300w, https:\/\/andreamonda.it\/wp-content\/uploads\/2014\/01\/2-Papi-fuori-452x300.jpg 452w, https:\/\/andreamonda.it\/wp-content\/uploads\/2014\/01\/2-Papi-fuori.jpg 680w\" sizes=\"auto, (max-width: 300px) 100vw, 300px\" \/>Pare insomma che sia difficile spiegare ai miei giovani studenti di ginnasio chi siano i Papi e chi siano i santi. Ad esempio, chiedo, che cosa fa il Papa? Qual \u00e8 la sua funzione? Secondo Emiliano, il Papa \u00e8 la massima autorit\u00e0 della Chiesa, il rappresentante di Dio in Terra. Un po&#8217; forte quest&#8217;ultima caratterizzazione, ma qualcosa si vede all&#8217;orizzonte.<br \/>\nPer\u00f2, tra le due categorie, i santi risultano molto pi\u00f9 simpatici dei Papi, lo intuisco anche dalla coltre di ignoranza che ricopre la realt\u00e0 storica dei successori di Pietro. A proposito del pescatore di Cafarnao (nome del tutto sconosciuto, a tutti), quando chiedo il suo nome vero, solo un alunno mi risponde: Simone. E se poi domando perch\u00e9 questo nuovo nome, la risposta \u00e8 quasi grottesca: \u00abS\u00ec, Pietro perch\u00e9 lui ha dovuto mettere la prima pietra&#8230;\u00bb.<br \/>\nMi esaspero e chiedo qualche altro nome all&#8217;interno della lunga serie dei sommi pontefici e arriva Papa Enrico e anche &#8220;Papa Padre Pio&#8221;&#8230; Indeciso sul da farsi (ridere, piangere, disperarmi), mi appoggio al nome del santo di Pietrelcina per spostare l&#8217;angolazione e chiedere in merito ai santi, ma anche qui avverto la difficolt\u00e0 dei ragazzi a esprimere una cosa che per\u00f2, confusamente, conoscono.<br \/>\nAlessandro si immette nel filone &#8220;miracolistico&#8221;: il santo \u00e8 colui che realizza prodigi, che fa cose grandiose, eroiche. Gli cito una frase dell&#8217;ultimo santo proclamato dalla Chiesa cattolica, san Giovanni Paolo II, per cui i santi non sono coloro che fanno cose straordinarie, ma che fanno straordinariamente cose ordinarie.<br \/>\nSulla stessa lunghezza d&#8217;onda e negli stessi anni l&#8217;allora cardinale Ratzinger ricordava come due siano le migliori apologie della fede: la bellezza dell&#8217;arte e la bellezza della vita dei santi. Per un attimo subisco ancora, come nella scorsa lezione, il fascino della via pulchritudinis, ma devo resistere e percorrere la strada della santit\u00e0, \u00e8 troppo importante in questo momento storico con due Papi sugli altari (e un terzo, Paolo VI prossimo beato), altrimenti questi ragazzi si commuovono pure per Karol Wojtyla santo (che loro ricordano solo molto vecchio, sono nati nel 1999), ma tutto rimane a livello sentimentale e vagamente emotivo.<br \/>\nRiparto quindi da Ratzinger, anzi da Benedetto XVI, che sul tema ha avuto parole splendide come queste: \u00abI santi semplici, cio\u00e8 le persone buone che vedo nella mia vita, non saranno mai canonizzate. Sono persone normali, per cos\u00ec dire, senza eroismo visibile, ma nella loro bont\u00e0 di ogni giorno vedo la verit\u00e0 della fede. Questa bont\u00e0, che hanno maturato nella fede della Chiesa, \u00e8 per me la pi\u00f9 sicura apologia del cristianesimo e il segno di dove sia la verit\u00e0\u00bb, ma il cammino \u00e8 evidentemente ancora molto lungo.<br \/>\n(<em>Uscito oggi, 14 maggio 2014, sulla rubrica Parole Perdute, in terza pagina di Avvenire<\/em>)<\/p>\n","protected":false},"excerpt":{"rendered":"<p>Pare insomma che sia difficile spiegare ai miei giovani studenti di ginnasio chi siano i Papi e chi siano i santi. Ad esempio, chiedo, che cosa fa il Papa? Qual \u00e8 la sua funzione? Secondo Emiliano, il Papa \u00e8 la &hellip; <a href=\"https:\/\/andreamonda.it\/?p=1123\">Continua a leggere<span class=\"meta-nav\">&rarr;<\/span><\/a><\/p>\n","protected":false},"author":2,"featured_media":0,"comment_status":"open","ping_status":"closed","sticky":false,"template":"","format":"standard","meta":{"footnotes":""},"categories":[7,9],"tags":[],"class_list":["post-1123","post","type-post","status-publish","format-standard","hentry","category-chiesabibbia","category-scuola"],"yoast_head":"<!-- This site is optimized with the Yoast SEO plugin v27.5 - https:\/\/yoast.com\/product\/yoast-seo-wordpress\/ -->\n<title>Parole perdute: santi e papi  - RI-PENSANDO-CI<\/title>\n<meta name=\"robots\" content=\"index, follow, max-snippet:-1, max-image-preview:large, max-video-preview:-1\" \/>\n<link rel=\"canonical\" href=\"https:\/\/andreamonda.it\/?p=1123\" \/>\n<meta property=\"og:locale\" content=\"it_IT\" \/>\n<meta property=\"og:type\" content=\"article\" \/>\n<meta property=\"og:title\" content=\"Parole perdute: santi e papi  - RI-PENSANDO-CI\" \/>\n<meta property=\"og:description\" content=\"Pare insomma che sia difficile spiegare ai miei giovani studenti di ginnasio chi siano i Papi e chi siano i santi. Ad esempio, chiedo, che cosa fa il Papa? Qual \u00e8 la sua funzione? Secondo Emiliano, il Papa \u00e8 la &hellip; Continua a leggere&rarr;\" \/>\n<meta property=\"og:url\" content=\"https:\/\/andreamonda.it\/?p=1123\" \/>\n<meta property=\"og:site_name\" content=\"RI-PENSANDO-CI\" \/>\n<meta property=\"article:published_time\" content=\"2014-05-14T17:24:49+00:00\" \/>\n<meta property=\"og:image\" content=\"https:\/\/andreamonda.it\/wp-content\/uploads\/2014\/01\/2-Papi-fuori-300x198.jpg\" \/>\n<meta name=\"author\" content=\"Andrea Monda\" \/>\n<meta name=\"twitter:label1\" content=\"Scritto da\" \/>\n\t<meta name=\"twitter:data1\" content=\"Andrea Monda\" \/>\n\t<meta name=\"twitter:label2\" content=\"Tempo di lettura stimato\" \/>\n\t<meta name=\"twitter:data2\" content=\"2 minuti\" \/>\n<script type=\"application\/ld+json\" class=\"yoast-schema-graph\">{\"@context\":\"https:\\\/\\\/schema.org\",\"@graph\":[{\"@type\":\"Article\",\"@id\":\"https:\\\/\\\/andreamonda.it\\\/?p=1123#article\",\"isPartOf\":{\"@id\":\"https:\\\/\\\/andreamonda.it\\\/?p=1123\"},\"author\":{\"name\":\"Andrea Monda\",\"@id\":\"https:\\\/\\\/andreamonda.it\\\/#\\\/schema\\\/person\\\/590cbeb42cfebc67374a49bbd6d3293d\"},\"headline\":\"Parole perdute: santi e papi\",\"datePublished\":\"2014-05-14T17:24:49+00:00\",\"mainEntityOfPage\":{\"@id\":\"https:\\\/\\\/andreamonda.it\\\/?p=1123\"},\"wordCount\":454,\"commentCount\":0,\"publisher\":{\"@id\":\"https:\\\/\\\/andreamonda.it\\\/#\\\/schema\\\/person\\\/590cbeb42cfebc67374a49bbd6d3293d\"},\"image\":{\"@id\":\"https:\\\/\\\/andreamonda.it\\\/?p=1123#primaryimage\"},\"thumbnailUrl\":\"https:\\\/\\\/andreamonda.it\\\/wp-content\\\/uploads\\\/2014\\\/01\\\/2-Papi-fuori-300x198.jpg\",\"articleSection\":[\"Chiesa\\\/Bibbia\",\"Scuola\"],\"inLanguage\":\"it-IT\",\"potentialAction\":[{\"@type\":\"CommentAction\",\"name\":\"Comment\",\"target\":[\"https:\\\/\\\/andreamonda.it\\\/?p=1123#respond\"]}]},{\"@type\":\"WebPage\",\"@id\":\"https:\\\/\\\/andreamonda.it\\\/?p=1123\",\"url\":\"https:\\\/\\\/andreamonda.it\\\/?p=1123\",\"name\":\"Parole perdute: santi e papi - RI-PENSANDO-CI\",\"isPartOf\":{\"@id\":\"https:\\\/\\\/andreamonda.it\\\/#website\"},\"primaryImageOfPage\":{\"@id\":\"https:\\\/\\\/andreamonda.it\\\/?p=1123#primaryimage\"},\"image\":{\"@id\":\"https:\\\/\\\/andreamonda.it\\\/?p=1123#primaryimage\"},\"thumbnailUrl\":\"https:\\\/\\\/andreamonda.it\\\/wp-content\\\/uploads\\\/2014\\\/01\\\/2-Papi-fuori-300x198.jpg\",\"datePublished\":\"2014-05-14T17:24:49+00:00\",\"breadcrumb\":{\"@id\":\"https:\\\/\\\/andreamonda.it\\\/?p=1123#breadcrumb\"},\"inLanguage\":\"it-IT\",\"potentialAction\":[{\"@type\":\"ReadAction\",\"target\":[\"https:\\\/\\\/andreamonda.it\\\/?p=1123\"]}]},{\"@type\":\"ImageObject\",\"inLanguage\":\"it-IT\",\"@id\":\"https:\\\/\\\/andreamonda.it\\\/?p=1123#primaryimage\",\"url\":\"https:\\\/\\\/andreamonda.it\\\/wp-content\\\/uploads\\\/2014\\\/01\\\/2-Papi-fuori.jpg\",\"contentUrl\":\"https:\\\/\\\/andreamonda.it\\\/wp-content\\\/uploads\\\/2014\\\/01\\\/2-Papi-fuori.jpg\",\"width\":680,\"height\":451},{\"@type\":\"BreadcrumbList\",\"@id\":\"https:\\\/\\\/andreamonda.it\\\/?p=1123#breadcrumb\",\"itemListElement\":[{\"@type\":\"ListItem\",\"position\":1,\"name\":\"Home\",\"item\":\"https:\\\/\\\/andreamonda.it\\\/\"},{\"@type\":\"ListItem\",\"position\":2,\"name\":\"Parole perdute: santi e papi\"}]},{\"@type\":\"WebSite\",\"@id\":\"https:\\\/\\\/andreamonda.it\\\/#website\",\"url\":\"https:\\\/\\\/andreamonda.it\\\/\",\"name\":\"RI-PENSANDO-CI\",\"description\":\"Il segreto per fare bene il bene \u00e8 farlo insieme. Da soli ci perdiamo, insieme ci salviamo. Anche la sapienza rabbinica ci dice che a cadere siamo bravissimi da soli ma per alzarci abbiamo bisogno della mano di un amico.\",\"publisher\":{\"@id\":\"https:\\\/\\\/andreamonda.it\\\/#\\\/schema\\\/person\\\/590cbeb42cfebc67374a49bbd6d3293d\"},\"potentialAction\":[{\"@type\":\"SearchAction\",\"target\":{\"@type\":\"EntryPoint\",\"urlTemplate\":\"https:\\\/\\\/andreamonda.it\\\/?s={search_term_string}\"},\"query-input\":{\"@type\":\"PropertyValueSpecification\",\"valueRequired\":true,\"valueName\":\"search_term_string\"}}],\"inLanguage\":\"it-IT\"},{\"@type\":[\"Person\",\"Organization\"],\"@id\":\"https:\\\/\\\/andreamonda.it\\\/#\\\/schema\\\/person\\\/590cbeb42cfebc67374a49bbd6d3293d\",\"name\":\"Andrea Monda\",\"logo\":{\"@id\":\"https:\\\/\\\/andreamonda.it\\\/#\\\/schema\\\/person\\\/image\\\/\"},\"sameAs\":[\"http:\\\/\\\/andreamonda.it\"]}]}<\/script>\n<!-- \/ Yoast SEO plugin. -->","yoast_head_json":{"title":"Parole perdute: santi e papi  - RI-PENSANDO-CI","robots":{"index":"index","follow":"follow","max-snippet":"max-snippet:-1","max-image-preview":"max-image-preview:large","max-video-preview":"max-video-preview:-1"},"canonical":"https:\/\/andreamonda.it\/?p=1123","og_locale":"it_IT","og_type":"article","og_title":"Parole perdute: santi e papi  - RI-PENSANDO-CI","og_description":"Pare insomma che sia difficile spiegare ai miei giovani studenti di ginnasio chi siano i Papi e chi siano i santi. Ad esempio, chiedo, che cosa fa il Papa? Qual \u00e8 la sua funzione? Secondo Emiliano, il Papa \u00e8 la &hellip; Continua a leggere&rarr;","og_url":"https:\/\/andreamonda.it\/?p=1123","og_site_name":"RI-PENSANDO-CI","article_published_time":"2014-05-14T17:24:49+00:00","og_image":[{"url":"https:\/\/andreamonda.it\/wp-content\/uploads\/2014\/01\/2-Papi-fuori-300x198.jpg","type":"","width":"","height":""}],"author":"Andrea Monda","twitter_misc":{"Scritto da":"Andrea Monda","Tempo di lettura stimato":"2 minuti"},"schema":{"@context":"https:\/\/schema.org","@graph":[{"@type":"Article","@id":"https:\/\/andreamonda.it\/?p=1123#article","isPartOf":{"@id":"https:\/\/andreamonda.it\/?p=1123"},"author":{"name":"Andrea Monda","@id":"https:\/\/andreamonda.it\/#\/schema\/person\/590cbeb42cfebc67374a49bbd6d3293d"},"headline":"Parole perdute: santi e papi","datePublished":"2014-05-14T17:24:49+00:00","mainEntityOfPage":{"@id":"https:\/\/andreamonda.it\/?p=1123"},"wordCount":454,"commentCount":0,"publisher":{"@id":"https:\/\/andreamonda.it\/#\/schema\/person\/590cbeb42cfebc67374a49bbd6d3293d"},"image":{"@id":"https:\/\/andreamonda.it\/?p=1123#primaryimage"},"thumbnailUrl":"https:\/\/andreamonda.it\/wp-content\/uploads\/2014\/01\/2-Papi-fuori-300x198.jpg","articleSection":["Chiesa\/Bibbia","Scuola"],"inLanguage":"it-IT","potentialAction":[{"@type":"CommentAction","name":"Comment","target":["https:\/\/andreamonda.it\/?p=1123#respond"]}]},{"@type":"WebPage","@id":"https:\/\/andreamonda.it\/?p=1123","url":"https:\/\/andreamonda.it\/?p=1123","name":"Parole perdute: santi e papi - RI-PENSANDO-CI","isPartOf":{"@id":"https:\/\/andreamonda.it\/#website"},"primaryImageOfPage":{"@id":"https:\/\/andreamonda.it\/?p=1123#primaryimage"},"image":{"@id":"https:\/\/andreamonda.it\/?p=1123#primaryimage"},"thumbnailUrl":"https:\/\/andreamonda.it\/wp-content\/uploads\/2014\/01\/2-Papi-fuori-300x198.jpg","datePublished":"2014-05-14T17:24:49+00:00","breadcrumb":{"@id":"https:\/\/andreamonda.it\/?p=1123#breadcrumb"},"inLanguage":"it-IT","potentialAction":[{"@type":"ReadAction","target":["https:\/\/andreamonda.it\/?p=1123"]}]},{"@type":"ImageObject","inLanguage":"it-IT","@id":"https:\/\/andreamonda.it\/?p=1123#primaryimage","url":"https:\/\/andreamonda.it\/wp-content\/uploads\/2014\/01\/2-Papi-fuori.jpg","contentUrl":"https:\/\/andreamonda.it\/wp-content\/uploads\/2014\/01\/2-Papi-fuori.jpg","width":680,"height":451},{"@type":"BreadcrumbList","@id":"https:\/\/andreamonda.it\/?p=1123#breadcrumb","itemListElement":[{"@type":"ListItem","position":1,"name":"Home","item":"https:\/\/andreamonda.it\/"},{"@type":"ListItem","position":2,"name":"Parole perdute: santi e papi"}]},{"@type":"WebSite","@id":"https:\/\/andreamonda.it\/#website","url":"https:\/\/andreamonda.it\/","name":"RI-PENSANDO-CI","description":"Il segreto per fare bene il bene \u00e8 farlo insieme. Da soli ci perdiamo, insieme ci salviamo. Anche la sapienza rabbinica ci dice che a cadere siamo bravissimi da soli ma per alzarci abbiamo bisogno della mano di un amico.","publisher":{"@id":"https:\/\/andreamonda.it\/#\/schema\/person\/590cbeb42cfebc67374a49bbd6d3293d"},"potentialAction":[{"@type":"SearchAction","target":{"@type":"EntryPoint","urlTemplate":"https:\/\/andreamonda.it\/?s={search_term_string}"},"query-input":{"@type":"PropertyValueSpecification","valueRequired":true,"valueName":"search_term_string"}}],"inLanguage":"it-IT"},{"@type":["Person","Organization"],"@id":"https:\/\/andreamonda.it\/#\/schema\/person\/590cbeb42cfebc67374a49bbd6d3293d","name":"Andrea Monda","logo":{"@id":"https:\/\/andreamonda.it\/#\/schema\/person\/image\/"},"sameAs":["http:\/\/andreamonda.it"]}]}},"_links":{"self":[{"href":"https:\/\/andreamonda.it\/index.php?rest_route=\/wp\/v2\/posts\/1123","targetHints":{"allow":["GET"]}}],"collection":[{"href":"https:\/\/andreamonda.it\/index.php?rest_route=\/wp\/v2\/posts"}],"about":[{"href":"https:\/\/andreamonda.it\/index.php?rest_route=\/wp\/v2\/types\/post"}],"author":[{"embeddable":true,"href":"https:\/\/andreamonda.it\/index.php?rest_route=\/wp\/v2\/users\/2"}],"replies":[{"embeddable":true,"href":"https:\/\/andreamonda.it\/index.php?rest_route=%2Fwp%2Fv2%2Fcomments&post=1123"}],"version-history":[{"count":1,"href":"https:\/\/andreamonda.it\/index.php?rest_route=\/wp\/v2\/posts\/1123\/revisions"}],"predecessor-version":[{"id":1124,"href":"https:\/\/andreamonda.it\/index.php?rest_route=\/wp\/v2\/posts\/1123\/revisions\/1124"}],"wp:attachment":[{"href":"https:\/\/andreamonda.it\/index.php?rest_route=%2Fwp%2Fv2%2Fmedia&parent=1123"}],"wp:term":[{"taxonomy":"category","embeddable":true,"href":"https:\/\/andreamonda.it\/index.php?rest_route=%2Fwp%2Fv2%2Fcategories&post=1123"},{"taxonomy":"post_tag","embeddable":true,"href":"https:\/\/andreamonda.it\/index.php?rest_route=%2Fwp%2Fv2%2Ftags&post=1123"}],"curies":[{"name":"wp","href":"https:\/\/api.w.org\/{rel}","templated":true}]}}