{"id":1419,"date":"2015-02-16T09:02:22","date_gmt":"2015-02-16T08:02:22","guid":{"rendered":"http:\/\/andreamonda.it\/?p=1419"},"modified":"2015-02-16T09:02:22","modified_gmt":"2015-02-16T08:02:22","slug":"piccolo-identikit-papale","status":"publish","type":"post","link":"https:\/\/andreamonda.it\/?p=1419","title":{"rendered":"Piccolo identikit papale"},"content":{"rendered":"<p align=\"JUSTIFY\"><img loading=\"lazy\" decoding=\"async\" class=\"alignleft size-medium wp-image-1255\" src=\"https:\/\/andreamonda.it\/wp-content\/uploads\/2014\/11\/papa-abbraccia-300x236.jpg\" alt=\"Udienza generale di Papa Francesco\" width=\"300\" height=\"236\" srcset=\"https:\/\/andreamonda.it\/wp-content\/uploads\/2014\/11\/papa-abbraccia-300x236.jpg 300w, https:\/\/andreamonda.it\/wp-content\/uploads\/2014\/11\/papa-abbraccia-1024x808.jpg 1024w, https:\/\/andreamonda.it\/wp-content\/uploads\/2014\/11\/papa-abbraccia-380x300.jpg 380w\" sizes=\"auto, (max-width: 300px) 100vw, 300px\" \/>\u201d<i>Il Signore risana i cuori affranti e fascia le loro ferite. Il Signore sostiene i poveri.<\/i><i> <\/i><strong><i>Risanaci, Signore, Dio della vita.<\/i><\/strong>\u201d. Il salmo 146 di domenica scorsa, 8 febbraio, sembra tracciare l&#8217;identikit dell&#8217;attuale Sommo Pontefice: Jorge Mario Bergoglio \u00e8 un Papa che vuole risanare, fasciare le ferite, capo di una chiesa che \u00e8 l&#8217;ospedale di un campo di battaglia. Il canto al Vangelo precisa ulteriormente il cuore del carisma di Papa Francesco: \u201c<em>C<\/em><em><i>risto ha preso le nostre infermit\u00e0 e si \u00e8 caricato delle nostre malattie<\/i><\/em><em>\u201d e le <\/em>altre letture completano il profilo fino a offrire un quadro completo del mosaico-Bergoglio. San Paolo scrivendo ai Corinzi spiega che per lui annunciare il Vangelo non \u00e8 un vanto, ma \u201c<i>una necessit\u00e0 che mi si impone: guai a me se non annuncio il Vangelo!<\/i>\u201d, un compito da assolvere gratuitamente perch\u00e8 l&#8217;unica ricompensa \u00e8 \u201c<i>Quella di annunciare gratuitamente il Vangelo senza usare il diritto conferitomi dal Vangelo. Infatti, pur essendo libero da tutti, mi sono fatto servo di tutti per guadagnarne il maggior numero. Mi sono fatto debole per i deboli, per guadagnare i deboli; mi sono fatto tutto per tutti, per salvare a ogni costo qualcuno. Ma tutto io faccio per il Vangelo, per diventarne partecipe anch&#8217;io\u201d. <\/i>La gratuit\u00e0 (e quindi la necessaria libert\u00e0) \u00e8 la prima virt\u00f9 del cristiano secondo Papa Francesco che sprona i fedeli a farsi prossimi di tutti, parlando il linguaggio dell&#8217;altro, in-caricandosi dell&#8217;altro.<\/p>\n<p align=\"JUSTIFY\">E&#8217; la via segnata da Ges\u00f9 che nel primo capitolo del Vangelo di Marco, il pi\u00f9 drammatico, con meno discorsi e ricco di azione (forse per questo il pi\u00f9 \u201cbergogliano\u201d tra i quattro), si ferma a guarire la suocera del futuro primo Papa, \u201cprendendola per mano\u201d, e poi mentre tutti lo cercano si ritira in preghiera in un luogo deserto (e qui il profilo sembra molto aderente anche alla figura di Benedetto XVI), ma ancora pi\u00f9 significativa \u00e8 la risposta ai discepoli che vorrebbero trattenerlo in quella zona dove si \u00e8 sparsa la sua popolarit\u00e0: \u00ab<i>Andiamocene altrove, nei villaggi vicini, perch\u00e9 io predichi anche l\u00e0; per questo infatti sono venuto!<\/i>\u00bb. Come Ges\u00f9 questo Papa vuole andare \u201caltrove\u201d, sente di essere stato chiamato per andare a predicare a tutti, anche agli interlocutori pi\u00f9 sorprendenti, persone che magari i suoi pi\u00f9 vicini collaboratori non immaginano \u201cdegni\u201d e non vorrebbero rientrassero nella cerchia dei destinatari di quell&#8217;incontro con la parola di Dio che per\u00f2 \u00e8 rivolta ad ogni uomo. Ecco la libert\u00e0 e la \u201cdinamicit\u00e0\u201d di Papa Francesco che non intende mai sedersi sugli allori, tanto pi\u00f9 se sono il segno della sua celebrit\u00e0, ma al contrario sposta sempre pi\u00f9 in l\u00e0, appunto \u201caltrove\u201d, il suo obiettivo, trovando ogni volta un nuovo ostacolo da superare con il suo cuore. Sembra animato dalla stessa fretta di Ges\u00f9 questo Papa venuto dalla fine del mondo, che conosce, come il suo predecessore, il segreto e la forza dell&#8217;umilt\u00e0, quella virt\u00f9 che spinge Ges\u00f9 a non occupare la scena, a non \u201criscuotere\u201d successo ed applausi, ma piuttosto continuare ad incedere per scuotere, smuovere le coscienze di chi \u00e8 disponibile a mettersi in gioco prendendo sul serio la proposta del Vangelo, anche se vive in Galilea, cio\u00e8 alla \u201cperiferia\u201d della terra d&#8217;Israele. In questa fretta c&#8217;\u00e8 tutto Francesco che di continuo ricorda al cristiano il compito di \u201cavviare processi e non occupare spazi\u201d, per dirla con un altro passo del Vangelo, questa volta di Luca e non di Marco: &#8220;<em>Sono venuto a portare il fuoco<\/em> <i>sulla terra; e come vorrei che fosse gi\u00e0 acceso!<\/i>\u201d.<\/p>\n","protected":false},"excerpt":{"rendered":"<p>\u201dIl Signore risana i cuori affranti e fascia le loro ferite. Il Signore sostiene i poveri. Risanaci, Signore, Dio della vita.\u201d. Il salmo 146 di domenica scorsa, 8 febbraio, sembra tracciare l&#8217;identikit dell&#8217;attuale Sommo Pontefice: Jorge Mario Bergoglio \u00e8 un &hellip; <a href=\"https:\/\/andreamonda.it\/?p=1419\">Continua a leggere<span class=\"meta-nav\">&rarr;<\/span><\/a><\/p>\n","protected":false},"author":2,"featured_media":0,"comment_status":"open","ping_status":"closed","sticky":false,"template":"","format":"standard","meta":{"footnotes":""},"categories":[7],"tags":[],"class_list":["post-1419","post","type-post","status-publish","format-standard","hentry","category-chiesabibbia"],"yoast_head":"<!-- This site is optimized with the Yoast SEO plugin v27.5 - https:\/\/yoast.com\/product\/yoast-seo-wordpress\/ -->\n<title>Piccolo identikit papale - RI-PENSANDO-CI<\/title>\n<meta name=\"robots\" content=\"index, follow, max-snippet:-1, max-image-preview:large, max-video-preview:-1\" \/>\n<link rel=\"canonical\" href=\"https:\/\/andreamonda.it\/?p=1419\" \/>\n<meta property=\"og:locale\" content=\"it_IT\" \/>\n<meta property=\"og:type\" content=\"article\" \/>\n<meta property=\"og:title\" content=\"Piccolo identikit papale - RI-PENSANDO-CI\" \/>\n<meta property=\"og:description\" content=\"\u201dIl Signore risana i cuori affranti e fascia le loro ferite. Il Signore sostiene i poveri. Risanaci, Signore, Dio della vita.\u201d. Il salmo 146 di domenica scorsa, 8 febbraio, sembra tracciare l&#8217;identikit dell&#8217;attuale Sommo Pontefice: Jorge Mario Bergoglio \u00e8 un &hellip; Continua a leggere&rarr;\" \/>\n<meta property=\"og:url\" content=\"https:\/\/andreamonda.it\/?p=1419\" \/>\n<meta property=\"og:site_name\" content=\"RI-PENSANDO-CI\" \/>\n<meta property=\"article:published_time\" content=\"2015-02-16T08:02:22+00:00\" \/>\n<meta property=\"og:image\" content=\"https:\/\/andreamonda.it\/wp-content\/uploads\/2014\/11\/papa-abbraccia-300x236.jpg\" \/>\n<meta name=\"author\" content=\"Andrea Monda\" \/>\n<meta name=\"twitter:label1\" content=\"Scritto da\" \/>\n\t<meta name=\"twitter:data1\" content=\"Andrea Monda\" \/>\n\t<meta name=\"twitter:label2\" content=\"Tempo di lettura stimato\" \/>\n\t<meta name=\"twitter:data2\" content=\"3 minuti\" \/>\n<script type=\"application\/ld+json\" class=\"yoast-schema-graph\">{\"@context\":\"https:\\\/\\\/schema.org\",\"@graph\":[{\"@type\":\"Article\",\"@id\":\"https:\\\/\\\/andreamonda.it\\\/?p=1419#article\",\"isPartOf\":{\"@id\":\"https:\\\/\\\/andreamonda.it\\\/?p=1419\"},\"author\":{\"name\":\"Andrea Monda\",\"@id\":\"https:\\\/\\\/andreamonda.it\\\/#\\\/schema\\\/person\\\/590cbeb42cfebc67374a49bbd6d3293d\"},\"headline\":\"Piccolo identikit papale\",\"datePublished\":\"2015-02-16T08:02:22+00:00\",\"mainEntityOfPage\":{\"@id\":\"https:\\\/\\\/andreamonda.it\\\/?p=1419\"},\"wordCount\":583,\"commentCount\":0,\"publisher\":{\"@id\":\"https:\\\/\\\/andreamonda.it\\\/#\\\/schema\\\/person\\\/590cbeb42cfebc67374a49bbd6d3293d\"},\"image\":{\"@id\":\"https:\\\/\\\/andreamonda.it\\\/?p=1419#primaryimage\"},\"thumbnailUrl\":\"https:\\\/\\\/andreamonda.it\\\/wp-content\\\/uploads\\\/2014\\\/11\\\/papa-abbraccia-300x236.jpg\",\"articleSection\":[\"Chiesa\\\/Bibbia\"],\"inLanguage\":\"it-IT\",\"potentialAction\":[{\"@type\":\"CommentAction\",\"name\":\"Comment\",\"target\":[\"https:\\\/\\\/andreamonda.it\\\/?p=1419#respond\"]}]},{\"@type\":\"WebPage\",\"@id\":\"https:\\\/\\\/andreamonda.it\\\/?p=1419\",\"url\":\"https:\\\/\\\/andreamonda.it\\\/?p=1419\",\"name\":\"Piccolo identikit papale - RI-PENSANDO-CI\",\"isPartOf\":{\"@id\":\"https:\\\/\\\/andreamonda.it\\\/#website\"},\"primaryImageOfPage\":{\"@id\":\"https:\\\/\\\/andreamonda.it\\\/?p=1419#primaryimage\"},\"image\":{\"@id\":\"https:\\\/\\\/andreamonda.it\\\/?p=1419#primaryimage\"},\"thumbnailUrl\":\"https:\\\/\\\/andreamonda.it\\\/wp-content\\\/uploads\\\/2014\\\/11\\\/papa-abbraccia-300x236.jpg\",\"datePublished\":\"2015-02-16T08:02:22+00:00\",\"breadcrumb\":{\"@id\":\"https:\\\/\\\/andreamonda.it\\\/?p=1419#breadcrumb\"},\"inLanguage\":\"it-IT\",\"potentialAction\":[{\"@type\":\"ReadAction\",\"target\":[\"https:\\\/\\\/andreamonda.it\\\/?p=1419\"]}]},{\"@type\":\"ImageObject\",\"inLanguage\":\"it-IT\",\"@id\":\"https:\\\/\\\/andreamonda.it\\\/?p=1419#primaryimage\",\"url\":\"https:\\\/\\\/andreamonda.it\\\/wp-content\\\/uploads\\\/2014\\\/11\\\/papa-abbraccia.jpg\",\"contentUrl\":\"https:\\\/\\\/andreamonda.it\\\/wp-content\\\/uploads\\\/2014\\\/11\\\/papa-abbraccia.jpg\",\"width\":2400,\"height\":1894},{\"@type\":\"BreadcrumbList\",\"@id\":\"https:\\\/\\\/andreamonda.it\\\/?p=1419#breadcrumb\",\"itemListElement\":[{\"@type\":\"ListItem\",\"position\":1,\"name\":\"Home\",\"item\":\"https:\\\/\\\/andreamonda.it\\\/\"},{\"@type\":\"ListItem\",\"position\":2,\"name\":\"Piccolo identikit papale\"}]},{\"@type\":\"WebSite\",\"@id\":\"https:\\\/\\\/andreamonda.it\\\/#website\",\"url\":\"https:\\\/\\\/andreamonda.it\\\/\",\"name\":\"RI-PENSANDO-CI\",\"description\":\"Il segreto per fare bene il bene \u00e8 farlo insieme. Da soli ci perdiamo, insieme ci salviamo. Anche la sapienza rabbinica ci dice che a cadere siamo bravissimi da soli ma per alzarci abbiamo bisogno della mano di un amico.\",\"publisher\":{\"@id\":\"https:\\\/\\\/andreamonda.it\\\/#\\\/schema\\\/person\\\/590cbeb42cfebc67374a49bbd6d3293d\"},\"potentialAction\":[{\"@type\":\"SearchAction\",\"target\":{\"@type\":\"EntryPoint\",\"urlTemplate\":\"https:\\\/\\\/andreamonda.it\\\/?s={search_term_string}\"},\"query-input\":{\"@type\":\"PropertyValueSpecification\",\"valueRequired\":true,\"valueName\":\"search_term_string\"}}],\"inLanguage\":\"it-IT\"},{\"@type\":[\"Person\",\"Organization\"],\"@id\":\"https:\\\/\\\/andreamonda.it\\\/#\\\/schema\\\/person\\\/590cbeb42cfebc67374a49bbd6d3293d\",\"name\":\"Andrea Monda\",\"logo\":{\"@id\":\"https:\\\/\\\/andreamonda.it\\\/#\\\/schema\\\/person\\\/image\\\/\"},\"sameAs\":[\"http:\\\/\\\/andreamonda.it\"]}]}<\/script>\n<!-- \/ Yoast SEO plugin. -->","yoast_head_json":{"title":"Piccolo identikit papale - RI-PENSANDO-CI","robots":{"index":"index","follow":"follow","max-snippet":"max-snippet:-1","max-image-preview":"max-image-preview:large","max-video-preview":"max-video-preview:-1"},"canonical":"https:\/\/andreamonda.it\/?p=1419","og_locale":"it_IT","og_type":"article","og_title":"Piccolo identikit papale - RI-PENSANDO-CI","og_description":"\u201dIl Signore risana i cuori affranti e fascia le loro ferite. Il Signore sostiene i poveri. Risanaci, Signore, Dio della vita.\u201d. Il salmo 146 di domenica scorsa, 8 febbraio, sembra tracciare l&#8217;identikit dell&#8217;attuale Sommo Pontefice: Jorge Mario Bergoglio \u00e8 un &hellip; Continua a leggere&rarr;","og_url":"https:\/\/andreamonda.it\/?p=1419","og_site_name":"RI-PENSANDO-CI","article_published_time":"2015-02-16T08:02:22+00:00","og_image":[{"url":"https:\/\/andreamonda.it\/wp-content\/uploads\/2014\/11\/papa-abbraccia-300x236.jpg","type":"","width":"","height":""}],"author":"Andrea Monda","twitter_misc":{"Scritto da":"Andrea Monda","Tempo di lettura stimato":"3 minuti"},"schema":{"@context":"https:\/\/schema.org","@graph":[{"@type":"Article","@id":"https:\/\/andreamonda.it\/?p=1419#article","isPartOf":{"@id":"https:\/\/andreamonda.it\/?p=1419"},"author":{"name":"Andrea Monda","@id":"https:\/\/andreamonda.it\/#\/schema\/person\/590cbeb42cfebc67374a49bbd6d3293d"},"headline":"Piccolo identikit papale","datePublished":"2015-02-16T08:02:22+00:00","mainEntityOfPage":{"@id":"https:\/\/andreamonda.it\/?p=1419"},"wordCount":583,"commentCount":0,"publisher":{"@id":"https:\/\/andreamonda.it\/#\/schema\/person\/590cbeb42cfebc67374a49bbd6d3293d"},"image":{"@id":"https:\/\/andreamonda.it\/?p=1419#primaryimage"},"thumbnailUrl":"https:\/\/andreamonda.it\/wp-content\/uploads\/2014\/11\/papa-abbraccia-300x236.jpg","articleSection":["Chiesa\/Bibbia"],"inLanguage":"it-IT","potentialAction":[{"@type":"CommentAction","name":"Comment","target":["https:\/\/andreamonda.it\/?p=1419#respond"]}]},{"@type":"WebPage","@id":"https:\/\/andreamonda.it\/?p=1419","url":"https:\/\/andreamonda.it\/?p=1419","name":"Piccolo identikit papale - RI-PENSANDO-CI","isPartOf":{"@id":"https:\/\/andreamonda.it\/#website"},"primaryImageOfPage":{"@id":"https:\/\/andreamonda.it\/?p=1419#primaryimage"},"image":{"@id":"https:\/\/andreamonda.it\/?p=1419#primaryimage"},"thumbnailUrl":"https:\/\/andreamonda.it\/wp-content\/uploads\/2014\/11\/papa-abbraccia-300x236.jpg","datePublished":"2015-02-16T08:02:22+00:00","breadcrumb":{"@id":"https:\/\/andreamonda.it\/?p=1419#breadcrumb"},"inLanguage":"it-IT","potentialAction":[{"@type":"ReadAction","target":["https:\/\/andreamonda.it\/?p=1419"]}]},{"@type":"ImageObject","inLanguage":"it-IT","@id":"https:\/\/andreamonda.it\/?p=1419#primaryimage","url":"https:\/\/andreamonda.it\/wp-content\/uploads\/2014\/11\/papa-abbraccia.jpg","contentUrl":"https:\/\/andreamonda.it\/wp-content\/uploads\/2014\/11\/papa-abbraccia.jpg","width":2400,"height":1894},{"@type":"BreadcrumbList","@id":"https:\/\/andreamonda.it\/?p=1419#breadcrumb","itemListElement":[{"@type":"ListItem","position":1,"name":"Home","item":"https:\/\/andreamonda.it\/"},{"@type":"ListItem","position":2,"name":"Piccolo identikit papale"}]},{"@type":"WebSite","@id":"https:\/\/andreamonda.it\/#website","url":"https:\/\/andreamonda.it\/","name":"RI-PENSANDO-CI","description":"Il segreto per fare bene il bene \u00e8 farlo insieme. Da soli ci perdiamo, insieme ci salviamo. Anche la sapienza rabbinica ci dice che a cadere siamo bravissimi da soli ma per alzarci abbiamo bisogno della mano di un amico.","publisher":{"@id":"https:\/\/andreamonda.it\/#\/schema\/person\/590cbeb42cfebc67374a49bbd6d3293d"},"potentialAction":[{"@type":"SearchAction","target":{"@type":"EntryPoint","urlTemplate":"https:\/\/andreamonda.it\/?s={search_term_string}"},"query-input":{"@type":"PropertyValueSpecification","valueRequired":true,"valueName":"search_term_string"}}],"inLanguage":"it-IT"},{"@type":["Person","Organization"],"@id":"https:\/\/andreamonda.it\/#\/schema\/person\/590cbeb42cfebc67374a49bbd6d3293d","name":"Andrea Monda","logo":{"@id":"https:\/\/andreamonda.it\/#\/schema\/person\/image\/"},"sameAs":["http:\/\/andreamonda.it"]}]}},"_links":{"self":[{"href":"https:\/\/andreamonda.it\/index.php?rest_route=\/wp\/v2\/posts\/1419","targetHints":{"allow":["GET"]}}],"collection":[{"href":"https:\/\/andreamonda.it\/index.php?rest_route=\/wp\/v2\/posts"}],"about":[{"href":"https:\/\/andreamonda.it\/index.php?rest_route=\/wp\/v2\/types\/post"}],"author":[{"embeddable":true,"href":"https:\/\/andreamonda.it\/index.php?rest_route=\/wp\/v2\/users\/2"}],"replies":[{"embeddable":true,"href":"https:\/\/andreamonda.it\/index.php?rest_route=%2Fwp%2Fv2%2Fcomments&post=1419"}],"version-history":[{"count":1,"href":"https:\/\/andreamonda.it\/index.php?rest_route=\/wp\/v2\/posts\/1419\/revisions"}],"predecessor-version":[{"id":1420,"href":"https:\/\/andreamonda.it\/index.php?rest_route=\/wp\/v2\/posts\/1419\/revisions\/1420"}],"wp:attachment":[{"href":"https:\/\/andreamonda.it\/index.php?rest_route=%2Fwp%2Fv2%2Fmedia&parent=1419"}],"wp:term":[{"taxonomy":"category","embeddable":true,"href":"https:\/\/andreamonda.it\/index.php?rest_route=%2Fwp%2Fv2%2Fcategories&post=1419"},{"taxonomy":"post_tag","embeddable":true,"href":"https:\/\/andreamonda.it\/index.php?rest_route=%2Fwp%2Fv2%2Ftags&post=1419"}],"curies":[{"name":"wp","href":"https:\/\/api.w.org\/{rel}","templated":true}]}}