{"id":1636,"date":"2015-09-08T19:15:41","date_gmt":"2015-09-08T17:15:41","guid":{"rendered":"http:\/\/andreamonda.it\/?p=1636"},"modified":"2015-09-08T19:15:41","modified_gmt":"2015-09-08T17:15:41","slug":"fratelli-coltelli","status":"publish","type":"post","link":"https:\/\/andreamonda.it\/?p=1636","title":{"rendered":"Fratelli coltelli?"},"content":{"rendered":"<div id=\"attachment_1637\" style=\"width: 299px\" class=\"wp-caption aligncenter\"><img loading=\"lazy\" decoding=\"async\" aria-describedby=\"caption-attachment-1637\" class=\"size-medium wp-image-1637\" src=\"https:\/\/andreamonda.it\/wp-content\/uploads\/2015\/09\/abele-289x300.jpg\" alt=\"Caino e Abele\" width=\"289\" height=\"300\" srcset=\"https:\/\/andreamonda.it\/wp-content\/uploads\/2015\/09\/abele-289x300.jpg 289w, https:\/\/andreamonda.it\/wp-content\/uploads\/2015\/09\/abele.jpg 374w\" sizes=\"auto, (max-width: 289px) 100vw, 289px\" \/><p id=\"caption-attachment-1637\" class=\"wp-caption-text\">Caino e Abele<\/p><\/div>\n<p align=\"JUSTIFY\">Ho terminato di leggere <i>C&#8217;\u00e8 posto per tutti<\/i>, il bel saggio di don Giovanni Cesare Pagazzi, pubblicato qualche anno fa dalla Vita&amp;Pensiero, dedicato al tema della fraternit\u00e0 nella Bibbia e mi \u00e8 venuto in mente questa tremenda riflessione del poeta Umberto Saba, tratto dal volume <i>Scorciatoie e raccontini <\/i>(e ringrazio Valerio Magrelli per avermela fatta conoscere):<\/p>\n<p align=\"JUSTIFY\"><i>Vi siete mai chiesti perch\u00e9 l\u2019Italia non ha avuto, in tutta la sua storia &#8211; da Roma ad oggi &#8211; una sola vera rivoluzione? La risposta &#8211; chiave che apre molte porte &#8211; \u00e8 forse la storia d\u2019Italia in poche righe.\u2028Gli italiani non sono parricidi; sono fratricidi. Romolo e Remo, Ferruccio e Maramaldo, Mussolini e i socialisti, Badoglio e Graziani\u2026 \u201cCombatteremo &#8211; fece stampare quest\u2019ultimo in un suo manifesto &#8211; fratelli contro fratelli\u201d. (Favorito, non determinato, dalle circostanze, fu un grido del cuore, il grido di uno che &#8211; diventato chiaro a se stesso &#8211; finalmente si sfoghi). Gli italiani sono l\u2019unico popolo (credo) che abbiano, alla base della loro storia (o della loro leggenda), un fratricidio. Ed \u00e8 solo col parricidio (uccisione del vecchio) che si inizia una rivoluzione.\u2028Gli italiani vogliono darsi al padre, ed avere da lui, in cambio, il permesso di uccidere gli altri fratelli.<\/i><\/p>\n<p align=\"JUSTIFY\">Ho pensato subito che forse la vera risposta al perch\u00e8 in Italia non ci sono state rivoluzioni \u00e8 racchiusa nella battuta di Flaiano: \u201cIn Italia le rivoluzioni sono impossibili: ci conosciamo tutti\u201d.<\/p>\n<p align=\"JUSTIFY\">Poi mi sono detto che solo un ebreo poteva fare una riflessione come questa di Saba, cos\u00ec ricca anche di echi bibliche, e qui si ritorna al saggio di Pagazzi e alle varie figure di fratelli, da Caino e Abele a Giacobbe ed Esa\u00f9 fino a Giuseppe tradito e venduto dai fratelli e, soprattutto fino a Ges\u00f9, \u201cnostro primogenito\u201d. La lettura di questo breve quanto ricco saggio mi ha molto colpito, in particolare ho riflettuto sul fatto che essere figli forse \u00e8 pi\u00f9 semplice che essere fratelli. Il complesso di Edipo \u00e8 meno complicato di quello di Caino. E i figli pi\u00f9 giovani non stanno meglio dei primogeniti, visto il comportamento del famoso figlio pi\u00f9 giovane della parabola tradizionalmente denominata del \u201cfigliol prodigo\u201d: lui fuggi di casa, ma ce l&#8217;ha col padre o con il fratello maggiore? I due non sono bravi figli ma perch\u00e8 innanzitutto non sono bravi fratelli tra di loro. I fratelli hanno paura di non trovare posto, di essere \u201cs-postati\u201d dal cuore del padre a causa della concorrenza degli altri. Si dubita della bont\u00e0 dell&#8217;origine e dell&#8217;estensione di questa bont\u00e0: ci sar\u00e0 posto per tutti?<\/p>\n<p align=\"JUSTIFY\"><img loading=\"lazy\" decoding=\"async\" class=\"aligncenter size-medium wp-image-1000\" src=\"https:\/\/andreamonda.it\/wp-content\/uploads\/2014\/01\/2-Papi-fuori-300x198.jpg\" alt=\"2 Papi fuori\" width=\"300\" height=\"198\" srcset=\"https:\/\/andreamonda.it\/wp-content\/uploads\/2014\/01\/2-Papi-fuori-300x198.jpg 300w, https:\/\/andreamonda.it\/wp-content\/uploads\/2014\/01\/2-Papi-fuori-452x300.jpg 452w, https:\/\/andreamonda.it\/wp-content\/uploads\/2014\/01\/2-Papi-fuori.jpg 680w\" sizes=\"auto, (max-width: 300px) 100vw, 300px\" \/>E quindi mi \u00e8 venuto in mente la seconda parte della preghiera del Padre Nostro, quella che dice: \u201cDacci oggi il nostro pane quotidiano, rimetti a noi i nostri debiti come noi li rimettiamo ai nostri debitori e non indurci in tentazione ma liberaci dal male\u201d. Rispetto alla prima parte, pi\u00f9 \u201cverticale\u201d, questa mi sembra dedicata alla dimensione orizzontale della fraternit\u00e0. La prima parte inizia in cielo e finisce con la parola \u201cterra\u201d, questa seconda inizia con il pane, \u201cfrutto della terra\u201d e parla di condivisione e di perdono, di orizzontalit\u00e0, e finisce sotto terra, con la tentazione che viene dal Maligno per distruggerci e proprio di questa eventualit\u00e0 abbiamo paura (paura, da <i>pavere<\/i>, pavimento, essere atterriti) e chiediamo di essere salvati.<\/p>\n<p align=\"JUSTIFY\">Ho ripensato agli attuali due sommi pontefici della chiesa cattolica, Benedetto e Francesco.<\/p>\n<p align=\"JUSTIFY\">Il primo, come il suo predecessore, mi sembra un Papa pi\u00f9 tendente verso la prima parte del Padre Nostro, quella verticale del rapporto Padre-figlio, un Papa che annuncia il regno dei cieli che discende e chiede agli uomini di prepararsi, spalancando le porte del mondo al Dio che viene in Cristo. Il secondo, Papa Francesco, mi appare invece un Papa con una propensione maggiore per la seconda parte del Padre Nostro, quella della fraternit\u00e0 orizzontale, fatta di condivisione e di misericordia, con un occhio teso e acuto verso le inesauribili tentazioni del Maligno. In realt\u00e0 la misericordia, proprio come il pane, discendono tutti dall&#8217;alto, per cui come nei due bracci che compongono la croce, la dimensione verticale e quella orizzontale sono indissolubilmente intrecciate e una alimenta e verifica l&#8217;altra. Il pane \u00e8 un dono, e il per-dono \u00e8 un dono moltiplicato: noi rimettiamo i debiti ai fratelli perch\u00e8 il padre ha rimesso i nostri, altrimenti non avremo la forza per farlo.<\/p>\n<p align=\"JUSTIFY\">Per questo l&#8217;ultima parola di Cristo sulla croce \u00e8 una parola di perdono, rivolta al Padre, nei confronti dei suoi fratelli pi\u00f9 piccoli, che \u201cnon sanno quello che fanno\u201d: la resurrezione del Figlio obbediente \u00e8 la risposta di un Padre anche lui, obbediente, che ha ascoltato la preghiera del primogenito per i suoi fratelli e questa risposta di misericordia \u00e8 discesa dal cielo fino a sopra e sotto la terra (<i>discese agli Inferi<\/i>), dappertutto, perch\u00e8 c&#8217;\u00e8 posto davvero per tutti.<\/p>\n","protected":false},"excerpt":{"rendered":"<p>Ho terminato di leggere C&#8217;\u00e8 posto per tutti, il bel saggio di don Giovanni Cesare Pagazzi, pubblicato qualche anno fa dalla Vita&amp;Pensiero, dedicato al tema della fraternit\u00e0 nella Bibbia e mi \u00e8 venuto in mente questa tremenda riflessione del poeta &hellip; <a href=\"https:\/\/andreamonda.it\/?p=1636\">Continua a leggere<span class=\"meta-nav\">&rarr;<\/span><\/a><\/p>\n","protected":false},"author":2,"featured_media":0,"comment_status":"open","ping_status":"closed","sticky":false,"template":"","format":"standard","meta":{"footnotes":""},"categories":[7,1],"tags":[],"class_list":["post-1636","post","type-post","status-publish","format-standard","hentry","category-chiesabibbia","category-letteratura"],"yoast_head":"<!-- This site is optimized with the Yoast SEO plugin v27.5 - https:\/\/yoast.com\/product\/yoast-seo-wordpress\/ -->\n<title>Fratelli coltelli? - RI-PENSANDO-CI<\/title>\n<meta name=\"robots\" content=\"index, follow, max-snippet:-1, max-image-preview:large, max-video-preview:-1\" \/>\n<link rel=\"canonical\" href=\"https:\/\/andreamonda.it\/?p=1636\" \/>\n<meta property=\"og:locale\" content=\"it_IT\" \/>\n<meta property=\"og:type\" content=\"article\" \/>\n<meta property=\"og:title\" content=\"Fratelli coltelli? - RI-PENSANDO-CI\" \/>\n<meta property=\"og:description\" content=\"Ho terminato di leggere C&#8217;\u00e8 posto per tutti, il bel saggio di don Giovanni Cesare Pagazzi, pubblicato qualche anno fa dalla Vita&amp;Pensiero, dedicato al tema della fraternit\u00e0 nella Bibbia e mi \u00e8 venuto in mente questa tremenda riflessione del poeta &hellip; Continua a leggere&rarr;\" \/>\n<meta property=\"og:url\" content=\"https:\/\/andreamonda.it\/?p=1636\" \/>\n<meta property=\"og:site_name\" content=\"RI-PENSANDO-CI\" \/>\n<meta property=\"article:published_time\" content=\"2015-09-08T17:15:41+00:00\" \/>\n<meta property=\"og:image\" content=\"https:\/\/andreamonda.it\/wp-content\/uploads\/2015\/09\/abele-289x300.jpg\" \/>\n<meta name=\"author\" content=\"Andrea Monda\" \/>\n<meta name=\"twitter:label1\" content=\"Scritto da\" \/>\n\t<meta name=\"twitter:data1\" content=\"Andrea Monda\" \/>\n\t<meta name=\"twitter:label2\" content=\"Tempo di lettura stimato\" \/>\n\t<meta name=\"twitter:data2\" content=\"4 minuti\" \/>\n<script type=\"application\/ld+json\" class=\"yoast-schema-graph\">{\"@context\":\"https:\\\/\\\/schema.org\",\"@graph\":[{\"@type\":\"Article\",\"@id\":\"https:\\\/\\\/andreamonda.it\\\/?p=1636#article\",\"isPartOf\":{\"@id\":\"https:\\\/\\\/andreamonda.it\\\/?p=1636\"},\"author\":{\"name\":\"Andrea Monda\",\"@id\":\"https:\\\/\\\/andreamonda.it\\\/#\\\/schema\\\/person\\\/590cbeb42cfebc67374a49bbd6d3293d\"},\"headline\":\"Fratelli coltelli?\",\"datePublished\":\"2015-09-08T17:15:41+00:00\",\"mainEntityOfPage\":{\"@id\":\"https:\\\/\\\/andreamonda.it\\\/?p=1636\"},\"wordCount\":815,\"commentCount\":1,\"publisher\":{\"@id\":\"https:\\\/\\\/andreamonda.it\\\/#\\\/schema\\\/person\\\/590cbeb42cfebc67374a49bbd6d3293d\"},\"image\":{\"@id\":\"https:\\\/\\\/andreamonda.it\\\/?p=1636#primaryimage\"},\"thumbnailUrl\":\"https:\\\/\\\/andreamonda.it\\\/wp-content\\\/uploads\\\/2015\\\/09\\\/abele-289x300.jpg\",\"articleSection\":[\"Chiesa\\\/Bibbia\",\"Letteratura\"],\"inLanguage\":\"it-IT\",\"potentialAction\":[{\"@type\":\"CommentAction\",\"name\":\"Comment\",\"target\":[\"https:\\\/\\\/andreamonda.it\\\/?p=1636#respond\"]}]},{\"@type\":\"WebPage\",\"@id\":\"https:\\\/\\\/andreamonda.it\\\/?p=1636\",\"url\":\"https:\\\/\\\/andreamonda.it\\\/?p=1636\",\"name\":\"Fratelli coltelli? - RI-PENSANDO-CI\",\"isPartOf\":{\"@id\":\"https:\\\/\\\/andreamonda.it\\\/#website\"},\"primaryImageOfPage\":{\"@id\":\"https:\\\/\\\/andreamonda.it\\\/?p=1636#primaryimage\"},\"image\":{\"@id\":\"https:\\\/\\\/andreamonda.it\\\/?p=1636#primaryimage\"},\"thumbnailUrl\":\"https:\\\/\\\/andreamonda.it\\\/wp-content\\\/uploads\\\/2015\\\/09\\\/abele-289x300.jpg\",\"datePublished\":\"2015-09-08T17:15:41+00:00\",\"breadcrumb\":{\"@id\":\"https:\\\/\\\/andreamonda.it\\\/?p=1636#breadcrumb\"},\"inLanguage\":\"it-IT\",\"potentialAction\":[{\"@type\":\"ReadAction\",\"target\":[\"https:\\\/\\\/andreamonda.it\\\/?p=1636\"]}]},{\"@type\":\"ImageObject\",\"inLanguage\":\"it-IT\",\"@id\":\"https:\\\/\\\/andreamonda.it\\\/?p=1636#primaryimage\",\"url\":\"https:\\\/\\\/andreamonda.it\\\/wp-content\\\/uploads\\\/2015\\\/09\\\/abele.jpg\",\"contentUrl\":\"https:\\\/\\\/andreamonda.it\\\/wp-content\\\/uploads\\\/2015\\\/09\\\/abele.jpg\",\"width\":374,\"height\":388,\"caption\":\"Caino e Abele\"},{\"@type\":\"BreadcrumbList\",\"@id\":\"https:\\\/\\\/andreamonda.it\\\/?p=1636#breadcrumb\",\"itemListElement\":[{\"@type\":\"ListItem\",\"position\":1,\"name\":\"Home\",\"item\":\"https:\\\/\\\/andreamonda.it\\\/\"},{\"@type\":\"ListItem\",\"position\":2,\"name\":\"Fratelli coltelli?\"}]},{\"@type\":\"WebSite\",\"@id\":\"https:\\\/\\\/andreamonda.it\\\/#website\",\"url\":\"https:\\\/\\\/andreamonda.it\\\/\",\"name\":\"RI-PENSANDO-CI\",\"description\":\"Il segreto per fare bene il bene \u00e8 farlo insieme. Da soli ci perdiamo, insieme ci salviamo. Anche la sapienza rabbinica ci dice che a cadere siamo bravissimi da soli ma per alzarci abbiamo bisogno della mano di un amico.\",\"publisher\":{\"@id\":\"https:\\\/\\\/andreamonda.it\\\/#\\\/schema\\\/person\\\/590cbeb42cfebc67374a49bbd6d3293d\"},\"potentialAction\":[{\"@type\":\"SearchAction\",\"target\":{\"@type\":\"EntryPoint\",\"urlTemplate\":\"https:\\\/\\\/andreamonda.it\\\/?s={search_term_string}\"},\"query-input\":{\"@type\":\"PropertyValueSpecification\",\"valueRequired\":true,\"valueName\":\"search_term_string\"}}],\"inLanguage\":\"it-IT\"},{\"@type\":[\"Person\",\"Organization\"],\"@id\":\"https:\\\/\\\/andreamonda.it\\\/#\\\/schema\\\/person\\\/590cbeb42cfebc67374a49bbd6d3293d\",\"name\":\"Andrea Monda\",\"logo\":{\"@id\":\"https:\\\/\\\/andreamonda.it\\\/#\\\/schema\\\/person\\\/image\\\/\"},\"sameAs\":[\"http:\\\/\\\/andreamonda.it\"]}]}<\/script>\n<!-- \/ Yoast SEO plugin. -->","yoast_head_json":{"title":"Fratelli coltelli? - RI-PENSANDO-CI","robots":{"index":"index","follow":"follow","max-snippet":"max-snippet:-1","max-image-preview":"max-image-preview:large","max-video-preview":"max-video-preview:-1"},"canonical":"https:\/\/andreamonda.it\/?p=1636","og_locale":"it_IT","og_type":"article","og_title":"Fratelli coltelli? - RI-PENSANDO-CI","og_description":"Ho terminato di leggere C&#8217;\u00e8 posto per tutti, il bel saggio di don Giovanni Cesare Pagazzi, pubblicato qualche anno fa dalla Vita&amp;Pensiero, dedicato al tema della fraternit\u00e0 nella Bibbia e mi \u00e8 venuto in mente questa tremenda riflessione del poeta &hellip; Continua a leggere&rarr;","og_url":"https:\/\/andreamonda.it\/?p=1636","og_site_name":"RI-PENSANDO-CI","article_published_time":"2015-09-08T17:15:41+00:00","og_image":[{"url":"https:\/\/andreamonda.it\/wp-content\/uploads\/2015\/09\/abele-289x300.jpg","type":"","width":"","height":""}],"author":"Andrea Monda","twitter_misc":{"Scritto da":"Andrea Monda","Tempo di lettura stimato":"4 minuti"},"schema":{"@context":"https:\/\/schema.org","@graph":[{"@type":"Article","@id":"https:\/\/andreamonda.it\/?p=1636#article","isPartOf":{"@id":"https:\/\/andreamonda.it\/?p=1636"},"author":{"name":"Andrea Monda","@id":"https:\/\/andreamonda.it\/#\/schema\/person\/590cbeb42cfebc67374a49bbd6d3293d"},"headline":"Fratelli coltelli?","datePublished":"2015-09-08T17:15:41+00:00","mainEntityOfPage":{"@id":"https:\/\/andreamonda.it\/?p=1636"},"wordCount":815,"commentCount":1,"publisher":{"@id":"https:\/\/andreamonda.it\/#\/schema\/person\/590cbeb42cfebc67374a49bbd6d3293d"},"image":{"@id":"https:\/\/andreamonda.it\/?p=1636#primaryimage"},"thumbnailUrl":"https:\/\/andreamonda.it\/wp-content\/uploads\/2015\/09\/abele-289x300.jpg","articleSection":["Chiesa\/Bibbia","Letteratura"],"inLanguage":"it-IT","potentialAction":[{"@type":"CommentAction","name":"Comment","target":["https:\/\/andreamonda.it\/?p=1636#respond"]}]},{"@type":"WebPage","@id":"https:\/\/andreamonda.it\/?p=1636","url":"https:\/\/andreamonda.it\/?p=1636","name":"Fratelli coltelli? - RI-PENSANDO-CI","isPartOf":{"@id":"https:\/\/andreamonda.it\/#website"},"primaryImageOfPage":{"@id":"https:\/\/andreamonda.it\/?p=1636#primaryimage"},"image":{"@id":"https:\/\/andreamonda.it\/?p=1636#primaryimage"},"thumbnailUrl":"https:\/\/andreamonda.it\/wp-content\/uploads\/2015\/09\/abele-289x300.jpg","datePublished":"2015-09-08T17:15:41+00:00","breadcrumb":{"@id":"https:\/\/andreamonda.it\/?p=1636#breadcrumb"},"inLanguage":"it-IT","potentialAction":[{"@type":"ReadAction","target":["https:\/\/andreamonda.it\/?p=1636"]}]},{"@type":"ImageObject","inLanguage":"it-IT","@id":"https:\/\/andreamonda.it\/?p=1636#primaryimage","url":"https:\/\/andreamonda.it\/wp-content\/uploads\/2015\/09\/abele.jpg","contentUrl":"https:\/\/andreamonda.it\/wp-content\/uploads\/2015\/09\/abele.jpg","width":374,"height":388,"caption":"Caino e Abele"},{"@type":"BreadcrumbList","@id":"https:\/\/andreamonda.it\/?p=1636#breadcrumb","itemListElement":[{"@type":"ListItem","position":1,"name":"Home","item":"https:\/\/andreamonda.it\/"},{"@type":"ListItem","position":2,"name":"Fratelli coltelli?"}]},{"@type":"WebSite","@id":"https:\/\/andreamonda.it\/#website","url":"https:\/\/andreamonda.it\/","name":"RI-PENSANDO-CI","description":"Il segreto per fare bene il bene \u00e8 farlo insieme. Da soli ci perdiamo, insieme ci salviamo. Anche la sapienza rabbinica ci dice che a cadere siamo bravissimi da soli ma per alzarci abbiamo bisogno della mano di un amico.","publisher":{"@id":"https:\/\/andreamonda.it\/#\/schema\/person\/590cbeb42cfebc67374a49bbd6d3293d"},"potentialAction":[{"@type":"SearchAction","target":{"@type":"EntryPoint","urlTemplate":"https:\/\/andreamonda.it\/?s={search_term_string}"},"query-input":{"@type":"PropertyValueSpecification","valueRequired":true,"valueName":"search_term_string"}}],"inLanguage":"it-IT"},{"@type":["Person","Organization"],"@id":"https:\/\/andreamonda.it\/#\/schema\/person\/590cbeb42cfebc67374a49bbd6d3293d","name":"Andrea Monda","logo":{"@id":"https:\/\/andreamonda.it\/#\/schema\/person\/image\/"},"sameAs":["http:\/\/andreamonda.it"]}]}},"_links":{"self":[{"href":"https:\/\/andreamonda.it\/index.php?rest_route=\/wp\/v2\/posts\/1636","targetHints":{"allow":["GET"]}}],"collection":[{"href":"https:\/\/andreamonda.it\/index.php?rest_route=\/wp\/v2\/posts"}],"about":[{"href":"https:\/\/andreamonda.it\/index.php?rest_route=\/wp\/v2\/types\/post"}],"author":[{"embeddable":true,"href":"https:\/\/andreamonda.it\/index.php?rest_route=\/wp\/v2\/users\/2"}],"replies":[{"embeddable":true,"href":"https:\/\/andreamonda.it\/index.php?rest_route=%2Fwp%2Fv2%2Fcomments&post=1636"}],"version-history":[{"count":1,"href":"https:\/\/andreamonda.it\/index.php?rest_route=\/wp\/v2\/posts\/1636\/revisions"}],"predecessor-version":[{"id":1638,"href":"https:\/\/andreamonda.it\/index.php?rest_route=\/wp\/v2\/posts\/1636\/revisions\/1638"}],"wp:attachment":[{"href":"https:\/\/andreamonda.it\/index.php?rest_route=%2Fwp%2Fv2%2Fmedia&parent=1636"}],"wp:term":[{"taxonomy":"category","embeddable":true,"href":"https:\/\/andreamonda.it\/index.php?rest_route=%2Fwp%2Fv2%2Fcategories&post=1636"},{"taxonomy":"post_tag","embeddable":true,"href":"https:\/\/andreamonda.it\/index.php?rest_route=%2Fwp%2Fv2%2Ftags&post=1636"}],"curies":[{"name":"wp","href":"https:\/\/api.w.org\/{rel}","templated":true}]}}