{"id":1674,"date":"2018-05-11T19:49:24","date_gmt":"2018-05-11T17:49:24","guid":{"rendered":"http:\/\/andreamonda.it\/?p=1674"},"modified":"2018-05-11T19:49:24","modified_gmt":"2018-05-11T17:49:24","slug":"di-maio-di-padre-silvio-e-fu-enrico","status":"publish","type":"post","link":"https:\/\/andreamonda.it\/?p=1674","title":{"rendered":"Di Maio di padre Silvio e fu Enrico"},"content":{"rendered":"<p><a href=\"http:\/\/andreamonda.it\/?attachment_id=1676\" rel=\"attachment wp-att-1676\"><img loading=\"lazy\" decoding=\"async\" class=\"aligncenter size-medium wp-image-1676\" src=\"https:\/\/andreamonda.it\/wp-content\/uploads\/2018\/05\/Di-Maio-e-Berlusconi-300x202.jpg\" alt=\"\" width=\"300\" height=\"202\" srcset=\"https:\/\/andreamonda.it\/wp-content\/uploads\/2018\/05\/Di-Maio-e-Berlusconi-300x202.jpg 300w, https:\/\/andreamonda.it\/wp-content\/uploads\/2018\/05\/Di-Maio-e-Berlusconi-446x300.jpg 446w, https:\/\/andreamonda.it\/wp-content\/uploads\/2018\/05\/Di-Maio-e-Berlusconi.jpg 750w\" sizes=\"auto, (max-width: 300px) 100vw, 300px\" \/><\/a>Il 20 aprile scorso ho scritto una breve riflessione sul fatto che Berlusconi e Di Maio non si sono\u00a0 mai visti insieme nello stesso luogo (n\u00e8 vogliono stare insieme, anche se il secondo ha poi dovuto pietire i voti del primo per provare a far nascere il futuro governo) e suggerivo il fatto che fossero i due volti della stessa entit\u00e0 o comunque che esistesse una forma di paternit\u00e0 di pap\u00e0 Silvio verso il figlio Luigi L&#8217;onda che ha portato sulle sponde romane per condizionare la politica italiana il lombardo Berlusconi\u00a0 \u00e8 montata grazie al vento del moralismo che spesso agita le acque nostrane, lo stesso vento che soffia dietro le piccole spalle di Di Maio, Casaleggio e compagni. Gli antesignani e precursori del Movimento 5 stelle li troviamo nei programmi di punta della Finivest &#8220;Striscia la notizia&#8221; e &#8220;Le iene&#8221; che hanno dissodato il terreno non solo per l&#8217;avvento di Berlusconi ma anche di altri come ieri Di Pietro e oggi Di Maio.<br \/>\nE a proposito di compagni, forse anche il moralismo berlusconiano, &#8220;padre&#8221; della furia catara dei grillini (noi non ci mescoleremo! gridavano insieme al &#8220;vaffa&#8221;, almeno fino allo scorso 4 marzo) ha un &#8220;padre&#8221; che \u00e8 riscontrabile, paradossi della storia, nella famosa &#8220;questione morale&#8221; di Enrico Berlinguer e della sinistra italiana degli anni &#8217;70 -&#8217;80. Politici distanti anni luce, anzi un politico, Berlinguer e un imbonitore (vale per Berlusconi come per Grillo) ma qualcosa li accomuna ed \u00e8 l&#8217;errore del moralismo, questa ideologia manichea che in nome della purezza tende a spaccare il mondo in due, buoni e cattivi. Errore imperdonabile di chi come Berlinguer, appunto un uomo politico, con l&#8217;aver cavalcato la questione morale ha finito per spaccare il paese che si candidava a governare, lacerando un tessuto sociale, quello italiano, gi\u00e0 fragile per sua storia e natura. Lo aveva colto acutamente Aldo Moro quando defin\u00ec l&#8217;Italia: <span class=\"st\">\u00ab<wbr \/>Paese dalla passionalit\u00e0 intensa e dalle strutture fragili\u00bb proprio Moro, abile tessitore della politica spinto sempre dal vento del dialogo e della riconciliazione, che si trov\u00f2 a dover dialogare con Berlinguer per cercare di tenere unito un paese che, per passionalit\u00e0, tendeva alla contrapposizione.<br \/>\nOggi Moro \u00e8 morto, la DC pure, e siamo rimasti con la passionalit\u00e0, l&#8217;emotivit\u00e0, e i &#8220;figli&#8221; ancora molto infantili di quell&#8217;ideologia, il moralismo (che uccide sempre i suoi figli), si chiamino essi Silvio, Di Pietro, Di Maio etc etc.. chi ci salver\u00e0?<\/span><\/p>\n","protected":false},"excerpt":{"rendered":"<p>Il 20 aprile scorso ho scritto una breve riflessione sul fatto che Berlusconi e Di Maio non si sono\u00a0 mai visti insieme nello stesso luogo (n\u00e8 vogliono stare insieme, anche se il secondo ha poi dovuto pietire i voti del &hellip; <a href=\"https:\/\/andreamonda.it\/?p=1674\">Continua a leggere<span class=\"meta-nav\">&rarr;<\/span><\/a><\/p>\n","protected":false},"author":2,"featured_media":0,"comment_status":"open","ping_status":"closed","sticky":false,"template":"","format":"standard","meta":{"footnotes":""},"categories":[5],"tags":[],"class_list":["post-1674","post","type-post","status-publish","format-standard","hentry","category-politica"],"yoast_head":"<!-- This site is optimized with the Yoast SEO plugin v27.4 - https:\/\/yoast.com\/product\/yoast-seo-wordpress\/ -->\n<title>Di Maio di padre Silvio e fu Enrico - RI-PENSANDO-CI<\/title>\n<meta name=\"robots\" content=\"index, follow, max-snippet:-1, max-image-preview:large, max-video-preview:-1\" \/>\n<link rel=\"canonical\" href=\"https:\/\/andreamonda.it\/?p=1674\" \/>\n<meta property=\"og:locale\" content=\"it_IT\" \/>\n<meta property=\"og:type\" content=\"article\" \/>\n<meta property=\"og:title\" content=\"Di Maio di padre Silvio e fu Enrico - RI-PENSANDO-CI\" \/>\n<meta property=\"og:description\" content=\"Il 20 aprile scorso ho scritto una breve riflessione sul fatto che Berlusconi e Di Maio non si sono\u00a0 mai visti insieme nello stesso luogo (n\u00e8 vogliono stare insieme, anche se il secondo ha poi dovuto pietire i voti del &hellip; Continua a leggere&rarr;\" \/>\n<meta property=\"og:url\" content=\"https:\/\/andreamonda.it\/?p=1674\" \/>\n<meta property=\"og:site_name\" content=\"RI-PENSANDO-CI\" \/>\n<meta property=\"article:published_time\" content=\"2018-05-11T17:49:24+00:00\" \/>\n<meta property=\"og:image\" content=\"https:\/\/andreamonda.it\/wp-content\/uploads\/2018\/05\/Di-Maio-e-Berlusconi-300x202.jpg\" \/>\n<meta name=\"author\" content=\"Andrea Monda\" \/>\n<meta name=\"twitter:label1\" content=\"Scritto da\" \/>\n\t<meta name=\"twitter:data1\" content=\"Andrea Monda\" \/>\n\t<meta name=\"twitter:label2\" content=\"Tempo di lettura stimato\" \/>\n\t<meta name=\"twitter:data2\" content=\"2 minuti\" \/>\n<script type=\"application\/ld+json\" class=\"yoast-schema-graph\">{\"@context\":\"https:\\\/\\\/schema.org\",\"@graph\":[{\"@type\":\"Article\",\"@id\":\"https:\\\/\\\/andreamonda.it\\\/?p=1674#article\",\"isPartOf\":{\"@id\":\"https:\\\/\\\/andreamonda.it\\\/?p=1674\"},\"author\":{\"name\":\"Andrea Monda\",\"@id\":\"https:\\\/\\\/andreamonda.it\\\/#\\\/schema\\\/person\\\/590cbeb42cfebc67374a49bbd6d3293d\"},\"headline\":\"Di Maio di padre Silvio e fu Enrico\",\"datePublished\":\"2018-05-11T17:49:24+00:00\",\"mainEntityOfPage\":{\"@id\":\"https:\\\/\\\/andreamonda.it\\\/?p=1674\"},\"wordCount\":405,\"commentCount\":0,\"publisher\":{\"@id\":\"https:\\\/\\\/andreamonda.it\\\/#\\\/schema\\\/person\\\/590cbeb42cfebc67374a49bbd6d3293d\"},\"image\":{\"@id\":\"https:\\\/\\\/andreamonda.it\\\/?p=1674#primaryimage\"},\"thumbnailUrl\":\"https:\\\/\\\/andreamonda.it\\\/wp-content\\\/uploads\\\/2018\\\/05\\\/Di-Maio-e-Berlusconi-300x202.jpg\",\"articleSection\":[\"Politica\"],\"inLanguage\":\"it-IT\",\"potentialAction\":[{\"@type\":\"CommentAction\",\"name\":\"Comment\",\"target\":[\"https:\\\/\\\/andreamonda.it\\\/?p=1674#respond\"]}]},{\"@type\":\"WebPage\",\"@id\":\"https:\\\/\\\/andreamonda.it\\\/?p=1674\",\"url\":\"https:\\\/\\\/andreamonda.it\\\/?p=1674\",\"name\":\"Di Maio di padre Silvio e fu Enrico - RI-PENSANDO-CI\",\"isPartOf\":{\"@id\":\"https:\\\/\\\/andreamonda.it\\\/#website\"},\"primaryImageOfPage\":{\"@id\":\"https:\\\/\\\/andreamonda.it\\\/?p=1674#primaryimage\"},\"image\":{\"@id\":\"https:\\\/\\\/andreamonda.it\\\/?p=1674#primaryimage\"},\"thumbnailUrl\":\"https:\\\/\\\/andreamonda.it\\\/wp-content\\\/uploads\\\/2018\\\/05\\\/Di-Maio-e-Berlusconi-300x202.jpg\",\"datePublished\":\"2018-05-11T17:49:24+00:00\",\"breadcrumb\":{\"@id\":\"https:\\\/\\\/andreamonda.it\\\/?p=1674#breadcrumb\"},\"inLanguage\":\"it-IT\",\"potentialAction\":[{\"@type\":\"ReadAction\",\"target\":[\"https:\\\/\\\/andreamonda.it\\\/?p=1674\"]}]},{\"@type\":\"ImageObject\",\"inLanguage\":\"it-IT\",\"@id\":\"https:\\\/\\\/andreamonda.it\\\/?p=1674#primaryimage\",\"url\":\"https:\\\/\\\/andreamonda.it\\\/wp-content\\\/uploads\\\/2018\\\/05\\\/Di-Maio-e-Berlusconi.jpg\",\"contentUrl\":\"https:\\\/\\\/andreamonda.it\\\/wp-content\\\/uploads\\\/2018\\\/05\\\/Di-Maio-e-Berlusconi.jpg\",\"width\":750,\"height\":505},{\"@type\":\"BreadcrumbList\",\"@id\":\"https:\\\/\\\/andreamonda.it\\\/?p=1674#breadcrumb\",\"itemListElement\":[{\"@type\":\"ListItem\",\"position\":1,\"name\":\"Home\",\"item\":\"https:\\\/\\\/andreamonda.it\\\/\"},{\"@type\":\"ListItem\",\"position\":2,\"name\":\"Di Maio di padre Silvio e fu Enrico\"}]},{\"@type\":\"WebSite\",\"@id\":\"https:\\\/\\\/andreamonda.it\\\/#website\",\"url\":\"https:\\\/\\\/andreamonda.it\\\/\",\"name\":\"RI-PENSANDO-CI\",\"description\":\"Il segreto per fare bene il bene \u00e8 farlo insieme. Da soli ci perdiamo, insieme ci salviamo. Anche la sapienza rabbinica ci dice che a cadere siamo bravissimi da soli ma per alzarci abbiamo bisogno della mano di un amico.\",\"publisher\":{\"@id\":\"https:\\\/\\\/andreamonda.it\\\/#\\\/schema\\\/person\\\/590cbeb42cfebc67374a49bbd6d3293d\"},\"potentialAction\":[{\"@type\":\"SearchAction\",\"target\":{\"@type\":\"EntryPoint\",\"urlTemplate\":\"https:\\\/\\\/andreamonda.it\\\/?s={search_term_string}\"},\"query-input\":{\"@type\":\"PropertyValueSpecification\",\"valueRequired\":true,\"valueName\":\"search_term_string\"}}],\"inLanguage\":\"it-IT\"},{\"@type\":[\"Person\",\"Organization\"],\"@id\":\"https:\\\/\\\/andreamonda.it\\\/#\\\/schema\\\/person\\\/590cbeb42cfebc67374a49bbd6d3293d\",\"name\":\"Andrea Monda\",\"logo\":{\"@id\":\"https:\\\/\\\/andreamonda.it\\\/#\\\/schema\\\/person\\\/image\\\/\"},\"sameAs\":[\"http:\\\/\\\/andreamonda.it\"]}]}<\/script>\n<!-- \/ Yoast SEO plugin. -->","yoast_head_json":{"title":"Di Maio di padre Silvio e fu Enrico - RI-PENSANDO-CI","robots":{"index":"index","follow":"follow","max-snippet":"max-snippet:-1","max-image-preview":"max-image-preview:large","max-video-preview":"max-video-preview:-1"},"canonical":"https:\/\/andreamonda.it\/?p=1674","og_locale":"it_IT","og_type":"article","og_title":"Di Maio di padre Silvio e fu Enrico - RI-PENSANDO-CI","og_description":"Il 20 aprile scorso ho scritto una breve riflessione sul fatto che Berlusconi e Di Maio non si sono\u00a0 mai visti insieme nello stesso luogo (n\u00e8 vogliono stare insieme, anche se il secondo ha poi dovuto pietire i voti del &hellip; Continua a leggere&rarr;","og_url":"https:\/\/andreamonda.it\/?p=1674","og_site_name":"RI-PENSANDO-CI","article_published_time":"2018-05-11T17:49:24+00:00","og_image":[{"url":"https:\/\/andreamonda.it\/wp-content\/uploads\/2018\/05\/Di-Maio-e-Berlusconi-300x202.jpg","type":"","width":"","height":""}],"author":"Andrea Monda","twitter_misc":{"Scritto da":"Andrea Monda","Tempo di lettura stimato":"2 minuti"},"schema":{"@context":"https:\/\/schema.org","@graph":[{"@type":"Article","@id":"https:\/\/andreamonda.it\/?p=1674#article","isPartOf":{"@id":"https:\/\/andreamonda.it\/?p=1674"},"author":{"name":"Andrea Monda","@id":"https:\/\/andreamonda.it\/#\/schema\/person\/590cbeb42cfebc67374a49bbd6d3293d"},"headline":"Di Maio di padre Silvio e fu Enrico","datePublished":"2018-05-11T17:49:24+00:00","mainEntityOfPage":{"@id":"https:\/\/andreamonda.it\/?p=1674"},"wordCount":405,"commentCount":0,"publisher":{"@id":"https:\/\/andreamonda.it\/#\/schema\/person\/590cbeb42cfebc67374a49bbd6d3293d"},"image":{"@id":"https:\/\/andreamonda.it\/?p=1674#primaryimage"},"thumbnailUrl":"https:\/\/andreamonda.it\/wp-content\/uploads\/2018\/05\/Di-Maio-e-Berlusconi-300x202.jpg","articleSection":["Politica"],"inLanguage":"it-IT","potentialAction":[{"@type":"CommentAction","name":"Comment","target":["https:\/\/andreamonda.it\/?p=1674#respond"]}]},{"@type":"WebPage","@id":"https:\/\/andreamonda.it\/?p=1674","url":"https:\/\/andreamonda.it\/?p=1674","name":"Di Maio di padre Silvio e fu Enrico - RI-PENSANDO-CI","isPartOf":{"@id":"https:\/\/andreamonda.it\/#website"},"primaryImageOfPage":{"@id":"https:\/\/andreamonda.it\/?p=1674#primaryimage"},"image":{"@id":"https:\/\/andreamonda.it\/?p=1674#primaryimage"},"thumbnailUrl":"https:\/\/andreamonda.it\/wp-content\/uploads\/2018\/05\/Di-Maio-e-Berlusconi-300x202.jpg","datePublished":"2018-05-11T17:49:24+00:00","breadcrumb":{"@id":"https:\/\/andreamonda.it\/?p=1674#breadcrumb"},"inLanguage":"it-IT","potentialAction":[{"@type":"ReadAction","target":["https:\/\/andreamonda.it\/?p=1674"]}]},{"@type":"ImageObject","inLanguage":"it-IT","@id":"https:\/\/andreamonda.it\/?p=1674#primaryimage","url":"https:\/\/andreamonda.it\/wp-content\/uploads\/2018\/05\/Di-Maio-e-Berlusconi.jpg","contentUrl":"https:\/\/andreamonda.it\/wp-content\/uploads\/2018\/05\/Di-Maio-e-Berlusconi.jpg","width":750,"height":505},{"@type":"BreadcrumbList","@id":"https:\/\/andreamonda.it\/?p=1674#breadcrumb","itemListElement":[{"@type":"ListItem","position":1,"name":"Home","item":"https:\/\/andreamonda.it\/"},{"@type":"ListItem","position":2,"name":"Di Maio di padre Silvio e fu Enrico"}]},{"@type":"WebSite","@id":"https:\/\/andreamonda.it\/#website","url":"https:\/\/andreamonda.it\/","name":"RI-PENSANDO-CI","description":"Il segreto per fare bene il bene \u00e8 farlo insieme. Da soli ci perdiamo, insieme ci salviamo. Anche la sapienza rabbinica ci dice che a cadere siamo bravissimi da soli ma per alzarci abbiamo bisogno della mano di un amico.","publisher":{"@id":"https:\/\/andreamonda.it\/#\/schema\/person\/590cbeb42cfebc67374a49bbd6d3293d"},"potentialAction":[{"@type":"SearchAction","target":{"@type":"EntryPoint","urlTemplate":"https:\/\/andreamonda.it\/?s={search_term_string}"},"query-input":{"@type":"PropertyValueSpecification","valueRequired":true,"valueName":"search_term_string"}}],"inLanguage":"it-IT"},{"@type":["Person","Organization"],"@id":"https:\/\/andreamonda.it\/#\/schema\/person\/590cbeb42cfebc67374a49bbd6d3293d","name":"Andrea Monda","logo":{"@id":"https:\/\/andreamonda.it\/#\/schema\/person\/image\/"},"sameAs":["http:\/\/andreamonda.it"]}]}},"_links":{"self":[{"href":"https:\/\/andreamonda.it\/index.php?rest_route=\/wp\/v2\/posts\/1674","targetHints":{"allow":["GET"]}}],"collection":[{"href":"https:\/\/andreamonda.it\/index.php?rest_route=\/wp\/v2\/posts"}],"about":[{"href":"https:\/\/andreamonda.it\/index.php?rest_route=\/wp\/v2\/types\/post"}],"author":[{"embeddable":true,"href":"https:\/\/andreamonda.it\/index.php?rest_route=\/wp\/v2\/users\/2"}],"replies":[{"embeddable":true,"href":"https:\/\/andreamonda.it\/index.php?rest_route=%2Fwp%2Fv2%2Fcomments&post=1674"}],"version-history":[{"count":2,"href":"https:\/\/andreamonda.it\/index.php?rest_route=\/wp\/v2\/posts\/1674\/revisions"}],"predecessor-version":[{"id":1677,"href":"https:\/\/andreamonda.it\/index.php?rest_route=\/wp\/v2\/posts\/1674\/revisions\/1677"}],"wp:attachment":[{"href":"https:\/\/andreamonda.it\/index.php?rest_route=%2Fwp%2Fv2%2Fmedia&parent=1674"}],"wp:term":[{"taxonomy":"category","embeddable":true,"href":"https:\/\/andreamonda.it\/index.php?rest_route=%2Fwp%2Fv2%2Fcategories&post=1674"},{"taxonomy":"post_tag","embeddable":true,"href":"https:\/\/andreamonda.it\/index.php?rest_route=%2Fwp%2Fv2%2Ftags&post=1674"}],"curies":[{"name":"wp","href":"https:\/\/api.w.org\/{rel}","templated":true}]}}