{"id":620,"date":"2013-03-24T19:57:39","date_gmt":"2013-03-24T18:57:39","guid":{"rendered":"http:\/\/andreamonda.it\/?p=620"},"modified":"2013-03-24T19:57:39","modified_gmt":"2013-03-24T18:57:39","slug":"lepopea-dei-due-papi","status":"publish","type":"post","link":"https:\/\/andreamonda.it\/?p=620","title":{"rendered":"L&#8217;epopea dei due Papi"},"content":{"rendered":"<p><img loading=\"lazy\" decoding=\"async\" class=\"alignleft size-medium wp-image-624\" alt=\"2 Papi\" src=\"https:\/\/andreamonda.it\/wp-content\/uploads\/2013\/03\/2-Papi-300x168.jpg\" width=\"300\" height=\"168\" srcset=\"https:\/\/andreamonda.it\/wp-content\/uploads\/2013\/03\/2-Papi-300x168.jpg 300w, https:\/\/andreamonda.it\/wp-content\/uploads\/2013\/03\/2-Papi-500x281.jpg 500w, https:\/\/andreamonda.it\/wp-content\/uploads\/2013\/03\/2-Papi.jpg 960w\" sizes=\"auto, (max-width: 300px) 100vw, 300px\" \/>Continuo a ripensarci, ma questo momento storico della storia della Chiesa cattolica mi sembra particolarmente &#8220;epico&#8221;. Mi riferisco a questi due mesi di febbraio e marzo 2013 che hanno segnato e segneranno per secoli l&#8217;avventura umana del popolo dei cristiani.<\/p>\n<p>L&#8217;11 febbraio Benedetto XVI d\u00e0 l&#8217;annuncio di ritirarsi in preghiera, in clausura, per lasciare lo spazio ad un Papa pi\u00f9 &#8220;vigoroso&#8221;, capace quindi di affrontare le sfide che provengono da un modo sempre pi\u00f9 &#8220;soggetto a rapidi mutamenti&#8221;. \u00a0Tre giorni dopo, parlando ai parroci di Roma, precisa che &#8220;<em>Anche se mi ritiro adesso in preghiera, sono sempre vicino a tutti voi e sono sicuro che voi lo sarete, anche se per il mondo rimango nascosto\u00bb<\/em>. Il suo \u00e8 quindi un nascondersi ma non un abbandonare il campo di battaglia, come spiega ulteriormente all&#8217;ultima delle sue udienze, il 27 febbraio:<\/p>\n<p>&#8220;<em>In questi ultimi mesi, ho sentito che le mie forze erano diminuite, e ho chiesto a Dio con insistenza, nella preghiera, di illuminarmi con la sua luce per farmi prendere la decisione pi\u00f9 giusta non per il mio bene, ma per il bene della Chiesa. Ho fatto questo passo nella piena consapevolezza della sua gravit\u00e0 e anche novit\u00e0, ma con una profonda serenit\u00e0 d\u2019animo. Amare la Chiesa significa anche avere il coraggio di fare scelte difficili, sofferte, avendo sempre davanti il bene della Chiesa e non se stessi. [..] Il \u201csempre\u201d \u00e8 anche un \u201cper sempre\u201d &#8211; non c\u2019\u00e8 pi\u00f9 un ritornare nel privato. La mia decisione di rinunciare all\u2019esercizio attivo del ministero, non revoca questo. Non ritorno alla vita privata, a una vita di viaggi, incontri, ricevimenti, conferenze eccetera. Non abbandono la croce, ma resto in modo nuovo presso il Signore Crocifisso. Non porto pi\u00f9 la potest\u00e0 dell\u2019officio per il governo della Chiesa, ma nel servizio della preghiera resto, per cos\u00ec dire, nel recinto di san Pietro.<\/em>&#8221;<\/p>\n<p>Il giorno dopo, affacciandosi dal balcone del Palazzo Apostolico di Castel Gandolfo, Benedetto XVI ha salutato il mondo, pronto a fare l&#8217;ultimo tratto della strada che gli rimane da fare, come &#8220;un semplice pellegrino&#8221;. E, anche se erano da poco passate le sei del pomeriggio, si \u00e8 congedato dicendo <em>&#8220;Buonanotte&#8221;.<em><\/em><\/em> Un riposo meritato, dopo quasi otto anni di dura lotta per questo dolce, mite, piccolo gigante.<\/p>\n<div>\n<p><img loading=\"lazy\" decoding=\"async\" class=\"alignleft size-thumbnail wp-image-617\" alt=\"linchino-di-papa-francesco\" src=\"https:\/\/andreamonda.it\/wp-content\/uploads\/2013\/03\/linchino-di-papa-francesco-150x150.png\" width=\"150\" height=\"150\" \/>Pochi giorni dopo, il 13 marzo, da un altro saluto: &#8220;<em>Fratelli e sorelle, buonasera<\/em>!&#8221;. E&#8217; il nuovo Papa, anzi vescovo di Roma, un gesuita argentino che sceglie di chiamarsi Francesco che la prima cosa che fa \u00e8 pregare insieme al suo popolo, per il vescovo emerito, Benedetto: un <em>Pater, Ave e Gloria<\/em>, come si faceva una volta. E poi, l&#8217;alto e corpulento Pontefice sudamericano, si inchina, attendendo la benedizione che sempre il suo popolo deve, silenziosamente, chiedere al Signore. La sera stessa telefona a Benedetto, poi gli fa gli auguri il 19 marzo, per la festa di san Giuseppe, e poi il 23 lo va a trovare, in elicottero, a Castel Gandolfo. Gli regala un&#8217;immagine di Maria, dicendo: &#8220;<em>Questa immagine si chiama Madonna dell&#8217;Umilt\u00e0, ed io ho pensato a Lei<\/em>&#8220;. In effetti \u00e8 l&#8217;umilt\u00e0 il &#8220;testimone&#8221; che i due atleti si sono passati in questa vorticosa staffetta che ha disorientato e fatto impazzire i mass-media e disorientato e fatto innamorare il miliardo e pi\u00f9 di cattolici (e non solo) di tutto il mondo.<\/p>\n<p><img loading=\"lazy\" decoding=\"async\" class=\"alignleft size-thumbnail wp-image-622\" alt=\"yoda\" src=\"https:\/\/andreamonda.it\/wp-content\/uploads\/2013\/03\/yoda-150x150.jpeg\" width=\"150\" height=\"150\" \/>Gi\u00e0 le parole dei due Papi che ho qui brevemente citato mi avevano suggerito qualcosa, poi le scarne immagini che sono state pubblicate di questo storico incontro dei due Papi mi hanno fatto pensare ad uno dei miei film preferiti, la saga di <em>Guerre Stellar<\/em>i. Il &#8220;rimanere nascosto al mondo&#8221; di Ratzinger mi ha subito rammentato il personaggio di Yoda, auto-esiliato nel lontano pianeta Degobar e devo dire che anche fisicamente Benedetto XVI ricorda un po&#8217; il vecchio ometto maestro dei cavalieri Jedi. E se guardiamo bene il volto pacifico e intelligente di Papa Francesco, non assomiglia forse a quello di Alec Guinness, immortale Obi-Wan-Kenobi?<\/p>\n<p><img loading=\"lazy\" decoding=\"async\" class=\"alignleft size-thumbnail wp-image-623\" alt=\"obi wan\" src=\"https:\/\/andreamonda.it\/wp-content\/uploads\/2013\/03\/obi-wan-150x150.jpeg\" width=\"150\" height=\"150\" \/><\/p>\n<p>Proprio come un pi\u00f9 giovane cavaliere Jedi, come Luke Skywalker, Francesco ha sentito il bisogno di raggiungere il vecchio maestro, fonte di forza e saggezza. E chiss\u00e0 se ancora questo non dovr\u00e0 capitare di nuovo (e speriamo di no, sarebbe un brutto segnale, di grande crisi.. ma la storia della Chiesa \u00e8 &#8211; deve essere &#8211; sempre in crisi, giusto?)&#8230; cos\u00ec si pu\u00f2 immaginare, in una prospettiva pi\u00f9 tranquilla, un altro invito-incontro di Papa Francesco a Papa Benedetto magari per le meditazioni per la Via Crucis, o per gli esercizi spirituali della Curia per la Quaresima&#8230; ma forse \u00e8 gi\u00e0 facile prevedere che una volta entrato nell&#8217;ombra del convento di clausura sul colle dei giardini vaticani (il suo pianeta Degobar), Benedetto non ne uscir\u00e0 pi\u00f9 e, forse, quelle brevi immagini di sabato 23 da Castel Gandolfo sono le ultime che il mondo verr\u00e0. Lo stile rigoroso e la seriet\u00e0 di Joseph Ratzinger, cos\u00ec poco &#8220;mondano&#8221;, sono altre due lezioni che scaturiscono dal suo ultimo, fecondissimo, periodo di pontificato.<\/p>\n<p>E&#8217; il fascino della Chiesa cattolica, che vive nel mondo ma non \u00e8 del mondo, che vive in un altro orizzonte, simile a quello del pianeta Tattoine dove vive il protagonista della saga (cio\u00e8 ogni uomo, una creatura chiamata a &#8220;solcare i cieli&#8221;) e ci sono due soli e non uno solo. &#8220;Chi crede non \u00e8 mai solo&#8221;, come amava ricordare lo schivo vescovo emerito di Roma, il Papa umile, Joseph-Benedetto. \u00a0\u00a0<img loading=\"lazy\" decoding=\"async\" class=\"alignleft size-thumbnail wp-image-621\" alt=\"tatooine\" src=\"https:\/\/andreamonda.it\/wp-content\/uploads\/2013\/03\/tatooine-150x150.jpeg\" width=\"150\" height=\"150\" \/><\/p>\n<p>&nbsp;<\/p>\n<p>&nbsp;<\/p>\n<p>&nbsp;<\/p>\n<\/div>\n","protected":false},"excerpt":{"rendered":"<p>Continuo a ripensarci, ma questo momento storico della storia della Chiesa cattolica mi sembra particolarmente &#8220;epico&#8221;. Mi riferisco a questi due mesi di febbraio e marzo 2013 che hanno segnato e segneranno per secoli l&#8217;avventura umana del popolo dei cristiani. &hellip; <a href=\"https:\/\/andreamonda.it\/?p=620\">Continua a leggere<span class=\"meta-nav\">&rarr;<\/span><\/a><\/p>\n","protected":false},"author":2,"featured_media":0,"comment_status":"open","ping_status":"closed","sticky":false,"template":"","format":"standard","meta":{"footnotes":""},"categories":[7],"tags":[],"class_list":["post-620","post","type-post","status-publish","format-standard","hentry","category-chiesabibbia"],"yoast_head":"<!-- This site is optimized with the Yoast SEO plugin v27.5 - https:\/\/yoast.com\/product\/yoast-seo-wordpress\/ -->\n<title>L&#039;epopea dei due Papi - RI-PENSANDO-CI<\/title>\n<meta name=\"robots\" content=\"index, follow, max-snippet:-1, max-image-preview:large, max-video-preview:-1\" \/>\n<link rel=\"canonical\" href=\"https:\/\/andreamonda.it\/?p=620\" \/>\n<meta property=\"og:locale\" content=\"it_IT\" \/>\n<meta property=\"og:type\" content=\"article\" \/>\n<meta property=\"og:title\" content=\"L&#039;epopea dei due Papi - RI-PENSANDO-CI\" \/>\n<meta property=\"og:description\" content=\"Continuo a ripensarci, ma questo momento storico della storia della Chiesa cattolica mi sembra particolarmente &#8220;epico&#8221;. Mi riferisco a questi due mesi di febbraio e marzo 2013 che hanno segnato e segneranno per secoli l&#8217;avventura umana del popolo dei cristiani. &hellip; Continua a leggere&rarr;\" \/>\n<meta property=\"og:url\" content=\"https:\/\/andreamonda.it\/?p=620\" \/>\n<meta property=\"og:site_name\" content=\"RI-PENSANDO-CI\" \/>\n<meta property=\"article:published_time\" content=\"2013-03-24T18:57:39+00:00\" \/>\n<meta property=\"og:image\" content=\"https:\/\/andreamonda.it\/wp-content\/uploads\/2013\/03\/2-Papi-300x168.jpg\" \/>\n<meta name=\"author\" content=\"Andrea Monda\" \/>\n<meta name=\"twitter:label1\" content=\"Scritto da\" \/>\n\t<meta name=\"twitter:data1\" content=\"Andrea Monda\" \/>\n\t<meta name=\"twitter:label2\" content=\"Tempo di lettura stimato\" \/>\n\t<meta name=\"twitter:data2\" content=\"4 minuti\" \/>\n<script type=\"application\/ld+json\" class=\"yoast-schema-graph\">{\"@context\":\"https:\\\/\\\/schema.org\",\"@graph\":[{\"@type\":\"Article\",\"@id\":\"https:\\\/\\\/andreamonda.it\\\/?p=620#article\",\"isPartOf\":{\"@id\":\"https:\\\/\\\/andreamonda.it\\\/?p=620\"},\"author\":{\"name\":\"Andrea Monda\",\"@id\":\"https:\\\/\\\/andreamonda.it\\\/#\\\/schema\\\/person\\\/590cbeb42cfebc67374a49bbd6d3293d\"},\"headline\":\"L&#8217;epopea dei due Papi\",\"datePublished\":\"2013-03-24T18:57:39+00:00\",\"mainEntityOfPage\":{\"@id\":\"https:\\\/\\\/andreamonda.it\\\/?p=620\"},\"wordCount\":894,\"commentCount\":0,\"publisher\":{\"@id\":\"https:\\\/\\\/andreamonda.it\\\/#\\\/schema\\\/person\\\/590cbeb42cfebc67374a49bbd6d3293d\"},\"image\":{\"@id\":\"https:\\\/\\\/andreamonda.it\\\/?p=620#primaryimage\"},\"thumbnailUrl\":\"https:\\\/\\\/andreamonda.it\\\/wp-content\\\/uploads\\\/2013\\\/03\\\/2-Papi-300x168.jpg\",\"articleSection\":[\"Chiesa\\\/Bibbia\"],\"inLanguage\":\"it-IT\",\"potentialAction\":[{\"@type\":\"CommentAction\",\"name\":\"Comment\",\"target\":[\"https:\\\/\\\/andreamonda.it\\\/?p=620#respond\"]}]},{\"@type\":\"WebPage\",\"@id\":\"https:\\\/\\\/andreamonda.it\\\/?p=620\",\"url\":\"https:\\\/\\\/andreamonda.it\\\/?p=620\",\"name\":\"L'epopea dei due Papi - RI-PENSANDO-CI\",\"isPartOf\":{\"@id\":\"https:\\\/\\\/andreamonda.it\\\/#website\"},\"primaryImageOfPage\":{\"@id\":\"https:\\\/\\\/andreamonda.it\\\/?p=620#primaryimage\"},\"image\":{\"@id\":\"https:\\\/\\\/andreamonda.it\\\/?p=620#primaryimage\"},\"thumbnailUrl\":\"https:\\\/\\\/andreamonda.it\\\/wp-content\\\/uploads\\\/2013\\\/03\\\/2-Papi-300x168.jpg\",\"datePublished\":\"2013-03-24T18:57:39+00:00\",\"breadcrumb\":{\"@id\":\"https:\\\/\\\/andreamonda.it\\\/?p=620#breadcrumb\"},\"inLanguage\":\"it-IT\",\"potentialAction\":[{\"@type\":\"ReadAction\",\"target\":[\"https:\\\/\\\/andreamonda.it\\\/?p=620\"]}]},{\"@type\":\"ImageObject\",\"inLanguage\":\"it-IT\",\"@id\":\"https:\\\/\\\/andreamonda.it\\\/?p=620#primaryimage\",\"url\":\"https:\\\/\\\/andreamonda.it\\\/wp-content\\\/uploads\\\/2013\\\/03\\\/2-Papi.jpg\",\"contentUrl\":\"https:\\\/\\\/andreamonda.it\\\/wp-content\\\/uploads\\\/2013\\\/03\\\/2-Papi.jpg\",\"width\":960,\"height\":540},{\"@type\":\"BreadcrumbList\",\"@id\":\"https:\\\/\\\/andreamonda.it\\\/?p=620#breadcrumb\",\"itemListElement\":[{\"@type\":\"ListItem\",\"position\":1,\"name\":\"Home\",\"item\":\"https:\\\/\\\/andreamonda.it\\\/\"},{\"@type\":\"ListItem\",\"position\":2,\"name\":\"L&#8217;epopea dei due Papi\"}]},{\"@type\":\"WebSite\",\"@id\":\"https:\\\/\\\/andreamonda.it\\\/#website\",\"url\":\"https:\\\/\\\/andreamonda.it\\\/\",\"name\":\"RI-PENSANDO-CI\",\"description\":\"Il segreto per fare bene il bene \u00e8 farlo insieme. Da soli ci perdiamo, insieme ci salviamo. Anche la sapienza rabbinica ci dice che a cadere siamo bravissimi da soli ma per alzarci abbiamo bisogno della mano di un amico.\",\"publisher\":{\"@id\":\"https:\\\/\\\/andreamonda.it\\\/#\\\/schema\\\/person\\\/590cbeb42cfebc67374a49bbd6d3293d\"},\"potentialAction\":[{\"@type\":\"SearchAction\",\"target\":{\"@type\":\"EntryPoint\",\"urlTemplate\":\"https:\\\/\\\/andreamonda.it\\\/?s={search_term_string}\"},\"query-input\":{\"@type\":\"PropertyValueSpecification\",\"valueRequired\":true,\"valueName\":\"search_term_string\"}}],\"inLanguage\":\"it-IT\"},{\"@type\":[\"Person\",\"Organization\"],\"@id\":\"https:\\\/\\\/andreamonda.it\\\/#\\\/schema\\\/person\\\/590cbeb42cfebc67374a49bbd6d3293d\",\"name\":\"Andrea Monda\",\"logo\":{\"@id\":\"https:\\\/\\\/andreamonda.it\\\/#\\\/schema\\\/person\\\/image\\\/\"},\"sameAs\":[\"http:\\\/\\\/andreamonda.it\"]}]}<\/script>\n<!-- \/ Yoast SEO plugin. -->","yoast_head_json":{"title":"L'epopea dei due Papi - RI-PENSANDO-CI","robots":{"index":"index","follow":"follow","max-snippet":"max-snippet:-1","max-image-preview":"max-image-preview:large","max-video-preview":"max-video-preview:-1"},"canonical":"https:\/\/andreamonda.it\/?p=620","og_locale":"it_IT","og_type":"article","og_title":"L'epopea dei due Papi - RI-PENSANDO-CI","og_description":"Continuo a ripensarci, ma questo momento storico della storia della Chiesa cattolica mi sembra particolarmente &#8220;epico&#8221;. Mi riferisco a questi due mesi di febbraio e marzo 2013 che hanno segnato e segneranno per secoli l&#8217;avventura umana del popolo dei cristiani. &hellip; Continua a leggere&rarr;","og_url":"https:\/\/andreamonda.it\/?p=620","og_site_name":"RI-PENSANDO-CI","article_published_time":"2013-03-24T18:57:39+00:00","og_image":[{"url":"https:\/\/andreamonda.it\/wp-content\/uploads\/2013\/03\/2-Papi-300x168.jpg","type":"","width":"","height":""}],"author":"Andrea Monda","twitter_misc":{"Scritto da":"Andrea Monda","Tempo di lettura stimato":"4 minuti"},"schema":{"@context":"https:\/\/schema.org","@graph":[{"@type":"Article","@id":"https:\/\/andreamonda.it\/?p=620#article","isPartOf":{"@id":"https:\/\/andreamonda.it\/?p=620"},"author":{"name":"Andrea Monda","@id":"https:\/\/andreamonda.it\/#\/schema\/person\/590cbeb42cfebc67374a49bbd6d3293d"},"headline":"L&#8217;epopea dei due Papi","datePublished":"2013-03-24T18:57:39+00:00","mainEntityOfPage":{"@id":"https:\/\/andreamonda.it\/?p=620"},"wordCount":894,"commentCount":0,"publisher":{"@id":"https:\/\/andreamonda.it\/#\/schema\/person\/590cbeb42cfebc67374a49bbd6d3293d"},"image":{"@id":"https:\/\/andreamonda.it\/?p=620#primaryimage"},"thumbnailUrl":"https:\/\/andreamonda.it\/wp-content\/uploads\/2013\/03\/2-Papi-300x168.jpg","articleSection":["Chiesa\/Bibbia"],"inLanguage":"it-IT","potentialAction":[{"@type":"CommentAction","name":"Comment","target":["https:\/\/andreamonda.it\/?p=620#respond"]}]},{"@type":"WebPage","@id":"https:\/\/andreamonda.it\/?p=620","url":"https:\/\/andreamonda.it\/?p=620","name":"L'epopea dei due Papi - RI-PENSANDO-CI","isPartOf":{"@id":"https:\/\/andreamonda.it\/#website"},"primaryImageOfPage":{"@id":"https:\/\/andreamonda.it\/?p=620#primaryimage"},"image":{"@id":"https:\/\/andreamonda.it\/?p=620#primaryimage"},"thumbnailUrl":"https:\/\/andreamonda.it\/wp-content\/uploads\/2013\/03\/2-Papi-300x168.jpg","datePublished":"2013-03-24T18:57:39+00:00","breadcrumb":{"@id":"https:\/\/andreamonda.it\/?p=620#breadcrumb"},"inLanguage":"it-IT","potentialAction":[{"@type":"ReadAction","target":["https:\/\/andreamonda.it\/?p=620"]}]},{"@type":"ImageObject","inLanguage":"it-IT","@id":"https:\/\/andreamonda.it\/?p=620#primaryimage","url":"https:\/\/andreamonda.it\/wp-content\/uploads\/2013\/03\/2-Papi.jpg","contentUrl":"https:\/\/andreamonda.it\/wp-content\/uploads\/2013\/03\/2-Papi.jpg","width":960,"height":540},{"@type":"BreadcrumbList","@id":"https:\/\/andreamonda.it\/?p=620#breadcrumb","itemListElement":[{"@type":"ListItem","position":1,"name":"Home","item":"https:\/\/andreamonda.it\/"},{"@type":"ListItem","position":2,"name":"L&#8217;epopea dei due Papi"}]},{"@type":"WebSite","@id":"https:\/\/andreamonda.it\/#website","url":"https:\/\/andreamonda.it\/","name":"RI-PENSANDO-CI","description":"Il segreto per fare bene il bene \u00e8 farlo insieme. Da soli ci perdiamo, insieme ci salviamo. Anche la sapienza rabbinica ci dice che a cadere siamo bravissimi da soli ma per alzarci abbiamo bisogno della mano di un amico.","publisher":{"@id":"https:\/\/andreamonda.it\/#\/schema\/person\/590cbeb42cfebc67374a49bbd6d3293d"},"potentialAction":[{"@type":"SearchAction","target":{"@type":"EntryPoint","urlTemplate":"https:\/\/andreamonda.it\/?s={search_term_string}"},"query-input":{"@type":"PropertyValueSpecification","valueRequired":true,"valueName":"search_term_string"}}],"inLanguage":"it-IT"},{"@type":["Person","Organization"],"@id":"https:\/\/andreamonda.it\/#\/schema\/person\/590cbeb42cfebc67374a49bbd6d3293d","name":"Andrea Monda","logo":{"@id":"https:\/\/andreamonda.it\/#\/schema\/person\/image\/"},"sameAs":["http:\/\/andreamonda.it"]}]}},"_links":{"self":[{"href":"https:\/\/andreamonda.it\/index.php?rest_route=\/wp\/v2\/posts\/620","targetHints":{"allow":["GET"]}}],"collection":[{"href":"https:\/\/andreamonda.it\/index.php?rest_route=\/wp\/v2\/posts"}],"about":[{"href":"https:\/\/andreamonda.it\/index.php?rest_route=\/wp\/v2\/types\/post"}],"author":[{"embeddable":true,"href":"https:\/\/andreamonda.it\/index.php?rest_route=\/wp\/v2\/users\/2"}],"replies":[{"embeddable":true,"href":"https:\/\/andreamonda.it\/index.php?rest_route=%2Fwp%2Fv2%2Fcomments&post=620"}],"version-history":[{"count":1,"href":"https:\/\/andreamonda.it\/index.php?rest_route=\/wp\/v2\/posts\/620\/revisions"}],"predecessor-version":[{"id":625,"href":"https:\/\/andreamonda.it\/index.php?rest_route=\/wp\/v2\/posts\/620\/revisions\/625"}],"wp:attachment":[{"href":"https:\/\/andreamonda.it\/index.php?rest_route=%2Fwp%2Fv2%2Fmedia&parent=620"}],"wp:term":[{"taxonomy":"category","embeddable":true,"href":"https:\/\/andreamonda.it\/index.php?rest_route=%2Fwp%2Fv2%2Fcategories&post=620"},{"taxonomy":"post_tag","embeddable":true,"href":"https:\/\/andreamonda.it\/index.php?rest_route=%2Fwp%2Fv2%2Ftags&post=620"}],"curies":[{"name":"wp","href":"https:\/\/api.w.org\/{rel}","templated":true}]}}