{"id":867,"date":"2013-10-04T08:05:07","date_gmt":"2013-10-04T06:05:07","guid":{"rendered":"http:\/\/andreamonda.it\/?p=867"},"modified":"2013-10-04T08:05:07","modified_gmt":"2013-10-04T06:05:07","slug":"6-mesi-in-tre-parole-e-un-sogno","status":"publish","type":"post","link":"https:\/\/andreamonda.it\/?p=867","title":{"rendered":"6 mesi in tre parole (e un sogno)"},"content":{"rendered":"<style type=\"text\/css\"><!--\nP { margin-bottom: 0.21cm; }\n--><\/style>\n<p><img loading=\"lazy\" decoding=\"async\" class=\"alignleft size-medium wp-image-617\" alt=\"linchino-di-papa-francesco\" src=\"https:\/\/andreamonda.it\/wp-content\/uploads\/2013\/03\/linchino-di-papa-francesco-300x182.png\" width=\"300\" height=\"182\" srcset=\"https:\/\/andreamonda.it\/wp-content\/uploads\/2013\/03\/linchino-di-papa-francesco-300x182.png 300w, https:\/\/andreamonda.it\/wp-content\/uploads\/2013\/03\/linchino-di-papa-francesco-493x300.png 493w, https:\/\/andreamonda.it\/wp-content\/uploads\/2013\/03\/linchino-di-papa-francesco.png 637w\" sizes=\"auto, (max-width: 300px) 100vw, 300px\" \/>E cos\u00ec sei mesi sono passati, da quella sera umida di pioggerellina ma piena di calore del 13 marzo scorso, quando lo sconosciuto Jorge Mario Bergoglio si \u00e8 presentato come Papa Francesco. Ancora una volta i cardinali avevano applicato la \u201cmossa del gambero\u201d e se il 19 aprile del 2005 avevano eletto uno dei tre elettori superstiti del Papa precedente, ora avevano ripreso il discorso da dove s&#8217;era interrotto sette anni prima facendo convergere il loro voto sul \u201cprimo dei non eletti\u201d del precedente conclave. E il settantaseienne outsider si \u00e8 fatto subito conoscere dal mondo intero che oggi \u00e8 affascinato da questo Papa seriamente gioioso che sorprende quotidianamente coniugando il rigore del magistero pi\u00f9 ortodosso con la fantasia pi\u00f9 spigliata e sudamericana nei gesti e nelle improvvisazioni, tra il ricorrente monito a tutti di stare attenti a Satana e l&#8217;invito ai giovani pessimisti di recarsi dallo psichiatra. <!--more--><\/p>\n<p style=\"margin-bottom: 0cm;\" align=\"JUSTIFY\">Il minimo che si possa fare per dire qualcosa di questi sei mesi che hanno cambiato la storia della chiesa cattolica, gi\u00e0 rivoluzionata dal gesto dell&#8217;11 febbraio con cui Benedetto XVI ha tenuto a battesimo l&#8217;attuale pontificato, \u00e8 provare a riassumere Papa Bergoglio cos\u00ec come farebbe lui, con il metodo \u201cternario\u201d usato nelle omelie quasi tutte sviluppate attraverso l&#8217;articolazione su tre parole-chiave (metodo che scaturisce direttamente dalla formazione gesuitica del pontefice: \u00e8 S.Ignazio che insegna nei suoi <i>Esercizi<\/i> a muoversi secondo i tre momenti di esperienza-riflessione-azione). Proviamo quindi a selezionare tre verbi per condensare i primi 180 giorni di Papa Francesco: toccare, camminare, perdonare.<\/p>\n<p>&nbsp;<\/p>\n<p style=\"margin-bottom: 0cm;\" align=\"JUSTIFY\"><b>TOCCARE<\/b><\/p>\n<p>&nbsp;<\/p>\n<p style=\"margin-bottom: 0cm;\" align=\"JUSTIFY\">Questo \u00e8 un Papa che tocca. Non tanto il \u201ccuore\u201d, piuttosto la carne. Toccare la carne di Cristo, questo vuol dire andare nelle \u201cperiferie\u201d, altra parola-chiave del suo lessico. E&#8217; chiaro a tutti che nel parlare cos\u00ec Bergoglio non sta facendo del facile sociologismo: la Chiesa, ripete spesso, non \u00e8 una \u201cONG pietosa\u201d ma \u00e8 una famiglia in cammino con la missione di abbracciare, accogliere e toccare, nei fratelli, \u201cla carne di Cristo\u201d. E quindi lui tocca. Sono ormai migliaia le fotografie che ritraggono il corpulento Papa argentino che si tuffa per abbracciare i bambini, i malati, il suo \u00e8 un cristianesimo \u201ctattile\u201d, fatto di baci ed effusioni che vogliono far sentire vicino Cristo, il suo calore, la sua tenerezza. Di questo programma fanno parte oltre i baci e gli abbracci, anche il saluto semplice e cordiale con cui ha esordito e che ancora accompagna ogni suo discorso: quel \u201cbuonasera!\u201d come prima parola con cui si \u00e8 presentato \u00e8 stato come un pezzo di sole penetrato in un frigorifero pieno di ghiaccioli. Abbracciare, salutare e, terzo elemento costitutivo del \u201ctoccare\u201d, il parlare diretto, quel \u201ctu\u201d che pi\u00f9 di tutto il resto azzera le distanze, per cui ogni omelia ad un certo punto viene declinata con il rivolgersi alla seconda persona singolare. 35 anni fa Albino Luciani, l&#8217;umile Papa del sorriso, era passato dalla prima persona plurale a quella singolare, oggi un suo diretto successore in fatto di stile, \u00e8 passato al \u201cdiamoci del tu\u201d, con cui tra l&#8217;altro comincia le chiacchierate telefoniche che suole fare a vecchi e nuovi amici.<\/p>\n<p>&nbsp;<\/p>\n<p style=\"margin-bottom: 0cm;\" align=\"JUSTIFY\"><img loading=\"lazy\" decoding=\"async\" class=\"alignleft size-full wp-image-685\" alt=\"images\" src=\"https:\/\/andreamonda.it\/wp-content\/uploads\/2013\/05\/images.jpeg\" width=\"222\" height=\"227\" \/>Francesco si rivolge alla gente, cosi come Benedetto alla mente dell&#8217;ascoltatore e Giovanni Paolo alle masse che venivano a vederlo. Dice Chesterton che il santo \u00e8 un \u201cantidoto\u201d, colui che pi\u00f9 di ogni altro confuta l&#8217;epoca in cui si trova a vivere. Gli ultimi tre Papi sono dunque \u201csanti\u201d nel senso che Wojtyla, polacco fuoriuscito da nazismo e comunismo ha usato il parlare alle masse, proprio di quelle dittature, contro di esse, contribuendo alla loro fine, abbattendone i muri d&#8217;odio; il tedesco Ratzinger ha voluto tessere il dialogo tra mente e cuore, tra credenti e non credenti, in nome della ragione e degli ideali che l&#8217;uomo del post &#8217;89 aveva buttato insieme all&#8217;acqua sporca delle ideologie; l&#8217;argentino Bergoglio sa che l&#8217;uomo di oggi, orfano delle grandi ideologie, rifiuta l&#8217;essere massificato ma al tempo stesso non appartiene pi\u00f9 a nessuno e vive nella fredda solitudine di un individualismo senza limiti, che rende le relazioni fragili, senza nome, volto, calore. A questa gente si rivolge, chiamando una ad una le persone, dandogli del \u201ctu\u201d, riscattandole dall&#8217;insignificanza, dialogando con loro come aveva cominciato a fare il suo predecessore. Ancora Chesterton, quando parla di San Francesco, lo accosta alla figura di San Benedetto e osserva che il santo di Assisi \u201c<i>ha sparso nel mondo quello che Benedetto aveva seminato<\/i>\u201d; anche oggi si pu\u00f2 dire Francesco sta spargendo, vigorosamente (in ossequio all&#8217;auspicio contenuto nel congedo di Ratzinger), quello che era stato prima seminato.<\/p>\n<p>&nbsp;<\/p>\n<p style=\"margin-bottom: 0cm;\" align=\"JUSTIFY\">Il \u201ctoccare\u201d, cos\u00ec articolato &#8211; abbracciare, salutare, dare del \u201ctu\u201d &#8211; ha reso questo un Papa \u201cvicino\u201d e ha subito conquistato un enorme consenso, dentro e fuori la chiesa, soprattutto fuori, visto che dentro molti hanno cominciato a storcere il naso, anzi a continuare a tenerlo storto dopo che Benedetto XVI lo aveva del tutto stravolto con il gesto pi\u00f9 \u201cravvicinante\u201d possibile e proprio per questo scandaloso. Se Benedetto ha sorpreso e deluso l&#8217;ala pi\u00f9 conservatrice del popolo cattolico, Francesco \u00e8 probabilmente destinato a deludere l&#8217;ala pi\u00f9 progressista anche perch\u00e8 la tanto attesa riforma della Chiesa, cominciata con la riforma del papato operata da Ratzinger (il saggio \u201cnonno\u201d come il Papa governante chiama il Papa orante) \u00e8 facile prevedere che continuer\u00e0 non per\u00f2 nella direzione della dottrina ma solo dell&#8217;organizzazione. Dopo il papato, ora toccher\u00e0 alla Curia, ma qui passiamo alla seconda parola: camminare.<\/p>\n<p>&nbsp;<\/p>\n<p style=\"margin-bottom: 0cm;\" align=\"JUSTIFY\"><b>CAMMINARE<\/b><\/p>\n<p>&nbsp;<\/p>\n<p style=\"margin-bottom: 0cm;\" align=\"JUSTIFY\">E&#8217; una parola-chiave che ritorna spessissimo nei discorsi di Papa Francesco. E innanzitutto non \u00e8 una parola, ma un verbo, di moto. Bergoglio sa che, come dice il <i>Prologo<\/i> di San Giovanni, \u201c<i>In principio era il Verbo<\/i>\u201d, il verbo, non il sostantivo. Sa che cristiani non si \u00e8, ma si diventa, lottando, sporcandosi le mani e anche i piedi, percorrendo le strade degli uomini, realizzando cos\u00ec il desiderio di seguire Ges\u00f9 e il suo vangelo. Nell&#8217;omelia del 10 maggio ha spiegato che la gioia, segno distintivo dell&#8217;appartenenza alla Chiesa di Cristo, non pu\u00f2 restare ferma: <i>\u201c&#8230;se noi vogliamo avere questa gioia soltanto per noi alla fine si ammala e il nostro cuore diviene un po\u2019 stropicciato, e la nostra faccia non trasmette quella gioia grande ma quella nostalgia, quella malinconia che non \u00e8 sana. Alcune volte questi cristiani malinconici hanno pi\u00f9 faccia da peperoncini all\u2019aceto che proprio di gioiosi che hanno una vita bella. La gioia non pu\u00f2 diventare ferma: deve andare. La gioia \u00e8 una virt\u00f9 pellegrina. E\u2019 un dono che cammina, che cammina sulla strada della vita, cammina con Ges\u00f9: predicare, annunziare Ges\u00f9, la gioia, allunga la strada e allarga la strada\u201d.<\/i><\/p>\n<p>&nbsp;<\/p>\n<p style=\"margin-bottom: 0cm; font-style: normal;\" align=\"JUSTIFY\">E Bergoglio cammina. Lo sanno bene i media e gli osservatori che non riescono a tenere il suo passo. Cammina, non viaggia (ha viaggiato poco e non viagger\u00e0 molto, Benedetto di dieci anni pi\u00f9 vecchio ha viaggiato molto di pi\u00f9), nel senso che \u00e8 sempre in movimento, \u00e8 sempre sorprendente, pronto a cambiare le carte in tavola o a far saltare il tavolo del tutto, per cui \u00e8 ormai sicuro che il \u201ctavolo\u201d della Curia non sopravviver\u00e0 agli scossoni del nuovo vescovo di Roma.<\/p>\n<p>&nbsp;<\/p>\n<p style=\"margin-bottom: 0cm;\" align=\"JUSTIFY\"><span style=\"font-style: normal;\"><img loading=\"lazy\" decoding=\"async\" class=\"alignleft size-medium wp-image-868\" alt=\"francesco aereo\" src=\"https:\/\/andreamonda.it\/wp-content\/uploads\/2013\/10\/francesco-aereo-300x198.jpg\" width=\"300\" height=\"198\" srcset=\"https:\/\/andreamonda.it\/wp-content\/uploads\/2013\/10\/francesco-aereo-300x198.jpg 300w, https:\/\/andreamonda.it\/wp-content\/uploads\/2013\/10\/francesco-aereo-453x300.jpg 453w, https:\/\/andreamonda.it\/wp-content\/uploads\/2013\/10\/francesco-aereo.jpg 990w\" sizes=\"auto, (max-width: 300px) 100vw, 300px\" \/>Due fotografie in questo senso hanno avuto una forza dirompente pi\u00f9 di altre in questi sei mesi: la poltrona vuota dove avrebbe dovuto sedersi per ascoltare il concerto della Rai del 22 giugno in suo onore e quella che lo vede salire un mese dopo la scaletta dell&#8217;areo per il Brasile, da solo, con la valigetta 24 ore e nient&#8217;altro. <\/span>Anche qui: attenzione a non confondere questi gesti come cedimenti ad uno sciatto pauperismo. Papa Bergoglio pure in questo caso sta solo spargendo nel mondo il seme benedettino, il suo \u00e8 un approccio non sociologico ma all&#8217;opposto, escatologico, proprio nel senso che Ratzinger ha illustrato nel discorso nel convento dei Bernardini cinque anni fa, il 12 settembre 2008, quando parlando dei monaci ed amanuensi che nel Medio Evo avevano salvato la cultura occidentale, ha affermato che non era intenzione di quei monaci \u201c<i>creare una cultura e nemmeno di conservare una cultura del passato. La loro motivazione era molto pi\u00f9 elementare. Il loro obiettivo era: <\/i><span style=\"font-style: normal;\">quaerere Deum<\/span><i>, cercare Dio. Nella confusione dei tempi in cui niente sembrava resistere, essi volevano fare la cosa essenziale: impegnarsi per trovare ci\u00f2 che vale e permane sempre, trovare la Vita stessa. Erano alla ricerca di Dio. Dalle cose secondarie volevano passare a quelle essenziali, a ci\u00f2 che, solo, \u00e8 veramente importante e affidabile. Si dice che erano orientati in modo \u201cescatologico\u201d. Ma ci\u00f2 non \u00e8 da intendere in senso cronologico, come se guardassero verso la fine del mondo o verso la propria morte, ma in un senso esistenziale: dietro le cose provvisorie cercavano il definitivo. <\/i><span style=\"font-style: normal;\">Quaerere Deum<\/span><i>: poich\u00e9 erano cristiani, questa non era una spedizione in un deserto senza strade, una ricerca verso il buio assoluto. Dio stesso aveva piantato delle segnalazioni di percorso, anzi, aveva spianato una via, e il compito consisteva nel trovarla e seguirla<\/i>\u201d. Il camminare \u00e8 costitutivo di quella \u201cspedizione\u201d che \u00e8 la sequela di Cristo; \u00e8 questa l&#8217;escatologia esistenziale di Benedetto che Francesco ha fatto sua e si potrebbe tradurre con una parola, un sostantivo pi\u00f9 \u201cmoderno\u201d del ruvido linguaggio della Bibbia fatto per lo pi\u00f9 di verbi: tensione. E&#8217; un papato quello di Francesco ricco di tensione, la stessa innescata dal gesto dell&#8217;11 febbraio operato dal suo predecessore, un gesto di una portata talmente epocale che ancora non \u00e8 stato compreso pienamente. Ci ha provato con grande acume Giorgio Agamben con un breve saggio (\u201c<i>Il mistero del male. Benedetto XVI e la fine dei tempi<\/i>\u201d) ponendolo appunto nella luce dell&#8217;orizzonte escatologico, convinto come \u00e8 che con il suo gesto \u201c<i>Benedetto XVI ha dato prova non di vilt\u00e0 [\u2026] ma di un coraggio che acquista oggi un senso e un valore esemplari<\/i>\u201d. Per il filosofo italiano la scelta di Ratzinger ha permesso uno scatto, un salto di qualit\u00e0 alla Chiesa che \u00e8 passata dalle \u201ccose provvisorie\u201d (l&#8217;organizzazione del quotidiano), al \u201cdefinitivo\u201d (la sequela di Cristo fino alle estreme conseguenze). Lo stesso coraggio di Benedetto oggi muove il suo successore ogni giorno impegnato, dalla \u201cstanza d&#8217;albergo\u201d in cui vive, a mantenere il suo gregge in tensione, consapevole che se ci si ferma si muore di autoreferenzialit\u00e0, il peggiore peccato della Chiesa secondo Francesco. Punto d&#8217;unione tra i due Pontefici che insieme stanno collaborando, fino a stendere a quattro mani l&#8217;enciclica <i>Lumen Fidei,<\/i> \u00e8 la figura del santo dell&#8217;inquietudine, Agostino, a cui il Papa ha dedicato queste chiarissime parole i<span style=\"color: #000000;\"><span style=\"font-family: TimesNewRomanPSMT,serif;\"><span style=\"font-size: medium;\">l 28 agosto scorso in occasione della sua festa: \u201c<\/span><\/span><\/span><span style=\"color: #000000;\"><span style=\"font-family: TimesNewRomanPSMT,serif;\"><span style=\"font-size: medium;\"><i>Ma anche nella scoperta e nell\u2019incontro con Dio, Agostino non si ferma, non si adagia, non si chiude in se stesso come chi \u00e8 gi\u00e0 arrivato, ma continua il cammino. L\u2019inquietudine della ricerca della verit\u00e0, della ricerca di Dio, diventa l\u2019inquietudine di conoscerlo sempre di pi\u00f9 e di uscire da se stesso per farlo conoscere agli altri. E\u2019 proprio l\u2019inquietudine dell\u2019amore. [&#8230;] Il tesoro di Agostino \u00e8 proprio questo atteggiamento: uscire sempre verso Dio, uscire sempre verso il gregge&#8230; E\u2019 un uomo in tensione, tra queste due uscite; non \u201cprivatizzare\u201d l\u2019amore&#8230; sempre in cammino!<\/i><\/span><\/span><\/span><span style=\"color: #000000;\"><span style=\"font-family: TimesNewRomanPSMT,serif;\"><span style=\"font-size: medium;\"><span style=\"font-style: normal;\">\u201d.<\/span><\/span><\/span><\/span><\/p>\n<p>&nbsp;<\/p>\n<p style=\"margin-bottom: 0cm;\" align=\"JUSTIFY\"><b>PERDONARE<\/b><\/p>\n<p>&nbsp;<\/p>\n<p style=\"margin-bottom: 0cm;\" align=\"JUSTIFY\">Sin dai primissimi discorsi Papa Bergoglio \u00e8 apparso come il Papa della misericordia. E&#8217; questo il messaggio che pi\u00f9 di ogni altro gli preme annunciare: Dio \u00e8 un padre misericordioso, che non smette mai di perdonarci, purtroppo siamo noi uomini che smettiamo di chiedere perdono.<\/p>\n<p>&nbsp;<\/p>\n<p style=\"margin-bottom: 0cm;\" align=\"JUSTIFY\">Ancora una volta una sorta di \u201cprolungamento\u201d della predicazione ratzingeriana, che pu\u00f2 essere spiegato con le parole di Chesterton: \u201c<i>I bambini sono innocenti e amano la giustizia, mentre la maggior parte degli adulti \u00e8 malvagia e preferisce la misericordia\u201d. <\/i><span style=\"font-style: normal;\">Se Benedetto \u00e8 il Papa della giustizia e della gioia (\u00e8 stata la parola da lui pi\u00f9 volte pronunciata) perch\u00e8 ha parlato per convincere il mondo che la noia \u00e8 frutto del peccato, Francesco sa che \u201c<\/span><i>la gioia non pu\u00f2 diventare ferma: deve andare<\/i><span style=\"font-style: normal;\">\u201d ed \u00e8 quindi pi\u00f9 diretto, crudo e parla al cuore ferito degli uomini convincendoli che quella stessa gioia \u00e8 frutto del perdono e del gesto, doloroso, del lasciarsi perdonare. <\/span><\/p>\n<p>&nbsp;<\/p>\n<p style=\"margin-bottom: 0cm;\" align=\"JUSTIFY\"><span style=\"font-style: normal;\"><img loading=\"lazy\" decoding=\"async\" class=\"alignleft size-medium wp-image-624\" alt=\"2 Papi\" src=\"https:\/\/andreamonda.it\/wp-content\/uploads\/2013\/03\/2-Papi-300x168.jpg\" width=\"300\" height=\"168\" srcset=\"https:\/\/andreamonda.it\/wp-content\/uploads\/2013\/03\/2-Papi-300x168.jpg 300w, https:\/\/andreamonda.it\/wp-content\/uploads\/2013\/03\/2-Papi-500x281.jpg 500w, https:\/\/andreamonda.it\/wp-content\/uploads\/2013\/03\/2-Papi.jpg 960w\" sizes=\"auto, (max-width: 300px) 100vw, 300px\" \/>L&#8217;annuncio di Francesco da questo punto di vista \u00e8 stato dirompente: ha offerto al mondo il volto buono della religione non giudicante ma accogliente. Non a caso la frase che forse pi\u00f9 di altre ha universalmente colpito, dentro e fuori la Chiesa,<\/span> \u00e8 stata la battuta pronunciata in aereo tornando dalla GMG di Rio a Roma, quando parlando degli omosessuali \u201c<i>pieni di buona volont\u00e0 che cercano Dio<\/i>\u201d ha detto: \u201c<i>chi sono io per giudicarli?<\/i>\u201d. Per comprendere il motivo del successo di questa frase \u00e8 utile leggere il saggio di Roger Scruton (<i>Il volto di Dio<\/i><span style=\"font-style: normal;\">) che <\/span>riflette sul fatto che l&#8217;uomo occidentale ha rimosso il sacro perch\u00e8 dal volto di Dio si sente giudicato: <span style=\"font-style: normal;\">\u201c<\/span><i>tra i numerosi motivi che si celano dietro l&#8217;ateismo contemporaneo c&#8217;\u00e8 anche il desiderio di sfuggire all&#8217;occhio che giudica. E per sfuggire all&#8217;occhio che giudica si spazza via il volto a cui appartiene<\/i><span style=\"font-style: normal;\">\u201d. Gli uomini occidentali che oggi fremono di gioia per la battuta di Papa Francesco sentono un caldo richiamo a tornare a quella casa che negli ultimi due secoli hanno demolito perch\u00e8 era troppo forte la tentazione di zittire la voce giudicante della Chiesa amata come Madre ma rifiutata come Maestra (l&#8217;azzardo non solo logico ma esistenziale di separare i due volti della Chiesa \u00e8 astruso quanto il voler distinguere i due pontefici che attualmente ne sono a capo). Da qui il successo di una battuta, con la quale il Papa \u00e8 stato semplicemente voce del Vangelo e interprete fedele della tradizione millenaria della Chiesa offrendo la Buona Novella rivoluzionaria dell&#8217;uomo di Nazareth cos\u00ec come \u00e8 stata pronunciata la prima volta, colloquiando all&#8217;interno di un gruppo di amici, che si guardano negli occhi, faccia a faccia, con tutto quello che ci\u00f2 comporta. <\/span><\/p>\n<p>&nbsp;<\/p>\n<p style=\"margin-bottom: 0cm; font-style: normal;\" align=\"JUSTIFY\"><img loading=\"lazy\" decoding=\"async\" class=\"alignleft size-medium wp-image-869\" alt=\"mlk\" src=\"https:\/\/andreamonda.it\/wp-content\/uploads\/2013\/10\/mlk-300x272.gif\" width=\"300\" height=\"272\" \/><\/p>\n<p style=\"margin-bottom: 0cm; font-style: normal;\" align=\"JUSTIFY\"><b>IL SOGNO<\/b><\/p>\n<p>&nbsp;<\/p>\n<p style=\"margin-bottom: 0cm;\" align=\"JUSTIFY\"><span style=\"font-style: normal;\">Cinquant&#8217;anni fa M.L.King disse al mondo di avere un sogno. Sembrarono, quelle parole, l&#8217;inizio di una nuova primavera, ricca di speranza. Cos\u00ec appaiono anche i primi sei mesi di pontificato di Papa Francesco, il quale in realt\u00e0 sta solo realizzando il sogno di Benedetto XVI. Si \u00e8 parlato molto delle presunte rivelazioni su come lo stesso Ratzinger avrebbe descritto il processo che lo ha portato alla sua decisione; si \u00e8 accennato ad una \u201cesperienza mistica\u201d; forse non si sapr\u00e0 mai tutta la verit\u00e0 di quel gesto straordinario, basti per ora quanto ha detto lo stesso Benedetto l&#8217;11 febbraio, che ha deciso cio\u00e8 \u201c<\/span><i>dopo aver ripetutamente esaminato la mia coscienza davanti a Dio<\/i><span style=\"font-style: normal;\">\u201d e non pu\u00f2 non venire in mente che il nome di questo piccolo uomo della Baviera, Joseph, \u00e8 lo stesso di due grandi personaggi della Bibbia, entrambi presentati come due sognatori. E&#8217; alla luce del sogno escatologico di Joseph Ratzinger che si pu\u00f2 comprendere pi\u00f9 profondamente la forza del suo successore, capace di contagiare, di un sogno non suo, chi incrocia il suo cammino.<\/span><\/p>\n<p>&nbsp;<\/p>\n","protected":false},"excerpt":{"rendered":"<p>E cos\u00ec sei mesi sono passati, da quella sera umida di pioggerellina ma piena di calore del 13 marzo scorso, quando lo sconosciuto Jorge Mario Bergoglio si \u00e8 presentato come Papa Francesco. Ancora una volta i cardinali avevano applicato la &hellip; <a href=\"https:\/\/andreamonda.it\/?p=867\">Continua a leggere<span class=\"meta-nav\">&rarr;<\/span><\/a><\/p>\n","protected":false},"author":2,"featured_media":0,"comment_status":"open","ping_status":"closed","sticky":false,"template":"","format":"standard","meta":{"footnotes":""},"categories":[7],"tags":[],"class_list":["post-867","post","type-post","status-publish","format-standard","hentry","category-chiesabibbia"],"yoast_head":"<!-- This site is optimized with the Yoast SEO plugin v27.5 - https:\/\/yoast.com\/product\/yoast-seo-wordpress\/ -->\n<title>6 mesi in tre parole (e un sogno) - RI-PENSANDO-CI<\/title>\n<meta name=\"robots\" content=\"index, follow, max-snippet:-1, max-image-preview:large, max-video-preview:-1\" \/>\n<link rel=\"canonical\" href=\"https:\/\/andreamonda.it\/?p=867\" \/>\n<meta property=\"og:locale\" content=\"it_IT\" \/>\n<meta property=\"og:type\" content=\"article\" \/>\n<meta property=\"og:title\" content=\"6 mesi in tre parole (e un sogno) - RI-PENSANDO-CI\" \/>\n<meta property=\"og:description\" content=\"E cos\u00ec sei mesi sono passati, da quella sera umida di pioggerellina ma piena di calore del 13 marzo scorso, quando lo sconosciuto Jorge Mario Bergoglio si \u00e8 presentato come Papa Francesco. Ancora una volta i cardinali avevano applicato la &hellip; Continua a leggere&rarr;\" \/>\n<meta property=\"og:url\" content=\"https:\/\/andreamonda.it\/?p=867\" \/>\n<meta property=\"og:site_name\" content=\"RI-PENSANDO-CI\" \/>\n<meta property=\"article:published_time\" content=\"2013-10-04T06:05:07+00:00\" \/>\n<meta property=\"og:image\" content=\"https:\/\/andreamonda.it\/wp-content\/uploads\/2013\/03\/linchino-di-papa-francesco-300x182.png\" \/>\n<meta name=\"author\" content=\"Andrea Monda\" \/>\n<meta name=\"twitter:label1\" content=\"Scritto da\" \/>\n\t<meta name=\"twitter:data1\" content=\"Andrea Monda\" \/>\n\t<meta name=\"twitter:label2\" content=\"Tempo di lettura stimato\" \/>\n\t<meta name=\"twitter:data2\" content=\"12 minuti\" \/>\n<script type=\"application\/ld+json\" class=\"yoast-schema-graph\">{\"@context\":\"https:\\\/\\\/schema.org\",\"@graph\":[{\"@type\":\"Article\",\"@id\":\"https:\\\/\\\/andreamonda.it\\\/?p=867#article\",\"isPartOf\":{\"@id\":\"https:\\\/\\\/andreamonda.it\\\/?p=867\"},\"author\":{\"name\":\"Andrea Monda\",\"@id\":\"https:\\\/\\\/andreamonda.it\\\/#\\\/schema\\\/person\\\/590cbeb42cfebc67374a49bbd6d3293d\"},\"headline\":\"6 mesi in tre parole (e un sogno)\",\"datePublished\":\"2013-10-04T06:05:07+00:00\",\"mainEntityOfPage\":{\"@id\":\"https:\\\/\\\/andreamonda.it\\\/?p=867\"},\"wordCount\":2467,\"commentCount\":0,\"publisher\":{\"@id\":\"https:\\\/\\\/andreamonda.it\\\/#\\\/schema\\\/person\\\/590cbeb42cfebc67374a49bbd6d3293d\"},\"image\":{\"@id\":\"https:\\\/\\\/andreamonda.it\\\/?p=867#primaryimage\"},\"thumbnailUrl\":\"https:\\\/\\\/andreamonda.it\\\/wp-content\\\/uploads\\\/2013\\\/03\\\/linchino-di-papa-francesco-300x182.png\",\"articleSection\":[\"Chiesa\\\/Bibbia\"],\"inLanguage\":\"it-IT\",\"potentialAction\":[{\"@type\":\"CommentAction\",\"name\":\"Comment\",\"target\":[\"https:\\\/\\\/andreamonda.it\\\/?p=867#respond\"]}]},{\"@type\":\"WebPage\",\"@id\":\"https:\\\/\\\/andreamonda.it\\\/?p=867\",\"url\":\"https:\\\/\\\/andreamonda.it\\\/?p=867\",\"name\":\"6 mesi in tre parole (e un sogno) - RI-PENSANDO-CI\",\"isPartOf\":{\"@id\":\"https:\\\/\\\/andreamonda.it\\\/#website\"},\"primaryImageOfPage\":{\"@id\":\"https:\\\/\\\/andreamonda.it\\\/?p=867#primaryimage\"},\"image\":{\"@id\":\"https:\\\/\\\/andreamonda.it\\\/?p=867#primaryimage\"},\"thumbnailUrl\":\"https:\\\/\\\/andreamonda.it\\\/wp-content\\\/uploads\\\/2013\\\/03\\\/linchino-di-papa-francesco-300x182.png\",\"datePublished\":\"2013-10-04T06:05:07+00:00\",\"breadcrumb\":{\"@id\":\"https:\\\/\\\/andreamonda.it\\\/?p=867#breadcrumb\"},\"inLanguage\":\"it-IT\",\"potentialAction\":[{\"@type\":\"ReadAction\",\"target\":[\"https:\\\/\\\/andreamonda.it\\\/?p=867\"]}]},{\"@type\":\"ImageObject\",\"inLanguage\":\"it-IT\",\"@id\":\"https:\\\/\\\/andreamonda.it\\\/?p=867#primaryimage\",\"url\":\"https:\\\/\\\/andreamonda.it\\\/wp-content\\\/uploads\\\/2013\\\/03\\\/linchino-di-papa-francesco.png\",\"contentUrl\":\"https:\\\/\\\/andreamonda.it\\\/wp-content\\\/uploads\\\/2013\\\/03\\\/linchino-di-papa-francesco.png\",\"width\":637,\"height\":387},{\"@type\":\"BreadcrumbList\",\"@id\":\"https:\\\/\\\/andreamonda.it\\\/?p=867#breadcrumb\",\"itemListElement\":[{\"@type\":\"ListItem\",\"position\":1,\"name\":\"Home\",\"item\":\"https:\\\/\\\/andreamonda.it\\\/\"},{\"@type\":\"ListItem\",\"position\":2,\"name\":\"6 mesi in tre parole (e un sogno)\"}]},{\"@type\":\"WebSite\",\"@id\":\"https:\\\/\\\/andreamonda.it\\\/#website\",\"url\":\"https:\\\/\\\/andreamonda.it\\\/\",\"name\":\"RI-PENSANDO-CI\",\"description\":\"Il segreto per fare bene il bene \u00e8 farlo insieme. Da soli ci perdiamo, insieme ci salviamo. Anche la sapienza rabbinica ci dice che a cadere siamo bravissimi da soli ma per alzarci abbiamo bisogno della mano di un amico.\",\"publisher\":{\"@id\":\"https:\\\/\\\/andreamonda.it\\\/#\\\/schema\\\/person\\\/590cbeb42cfebc67374a49bbd6d3293d\"},\"potentialAction\":[{\"@type\":\"SearchAction\",\"target\":{\"@type\":\"EntryPoint\",\"urlTemplate\":\"https:\\\/\\\/andreamonda.it\\\/?s={search_term_string}\"},\"query-input\":{\"@type\":\"PropertyValueSpecification\",\"valueRequired\":true,\"valueName\":\"search_term_string\"}}],\"inLanguage\":\"it-IT\"},{\"@type\":[\"Person\",\"Organization\"],\"@id\":\"https:\\\/\\\/andreamonda.it\\\/#\\\/schema\\\/person\\\/590cbeb42cfebc67374a49bbd6d3293d\",\"name\":\"Andrea Monda\",\"logo\":{\"@id\":\"https:\\\/\\\/andreamonda.it\\\/#\\\/schema\\\/person\\\/image\\\/\"},\"sameAs\":[\"http:\\\/\\\/andreamonda.it\"]}]}<\/script>\n<!-- \/ Yoast SEO plugin. -->","yoast_head_json":{"title":"6 mesi in tre parole (e un sogno) - RI-PENSANDO-CI","robots":{"index":"index","follow":"follow","max-snippet":"max-snippet:-1","max-image-preview":"max-image-preview:large","max-video-preview":"max-video-preview:-1"},"canonical":"https:\/\/andreamonda.it\/?p=867","og_locale":"it_IT","og_type":"article","og_title":"6 mesi in tre parole (e un sogno) - RI-PENSANDO-CI","og_description":"E cos\u00ec sei mesi sono passati, da quella sera umida di pioggerellina ma piena di calore del 13 marzo scorso, quando lo sconosciuto Jorge Mario Bergoglio si \u00e8 presentato come Papa Francesco. Ancora una volta i cardinali avevano applicato la &hellip; Continua a leggere&rarr;","og_url":"https:\/\/andreamonda.it\/?p=867","og_site_name":"RI-PENSANDO-CI","article_published_time":"2013-10-04T06:05:07+00:00","og_image":[{"url":"https:\/\/andreamonda.it\/wp-content\/uploads\/2013\/03\/linchino-di-papa-francesco-300x182.png","type":"","width":"","height":""}],"author":"Andrea Monda","twitter_misc":{"Scritto da":"Andrea Monda","Tempo di lettura stimato":"12 minuti"},"schema":{"@context":"https:\/\/schema.org","@graph":[{"@type":"Article","@id":"https:\/\/andreamonda.it\/?p=867#article","isPartOf":{"@id":"https:\/\/andreamonda.it\/?p=867"},"author":{"name":"Andrea Monda","@id":"https:\/\/andreamonda.it\/#\/schema\/person\/590cbeb42cfebc67374a49bbd6d3293d"},"headline":"6 mesi in tre parole (e un sogno)","datePublished":"2013-10-04T06:05:07+00:00","mainEntityOfPage":{"@id":"https:\/\/andreamonda.it\/?p=867"},"wordCount":2467,"commentCount":0,"publisher":{"@id":"https:\/\/andreamonda.it\/#\/schema\/person\/590cbeb42cfebc67374a49bbd6d3293d"},"image":{"@id":"https:\/\/andreamonda.it\/?p=867#primaryimage"},"thumbnailUrl":"https:\/\/andreamonda.it\/wp-content\/uploads\/2013\/03\/linchino-di-papa-francesco-300x182.png","articleSection":["Chiesa\/Bibbia"],"inLanguage":"it-IT","potentialAction":[{"@type":"CommentAction","name":"Comment","target":["https:\/\/andreamonda.it\/?p=867#respond"]}]},{"@type":"WebPage","@id":"https:\/\/andreamonda.it\/?p=867","url":"https:\/\/andreamonda.it\/?p=867","name":"6 mesi in tre parole (e un sogno) - RI-PENSANDO-CI","isPartOf":{"@id":"https:\/\/andreamonda.it\/#website"},"primaryImageOfPage":{"@id":"https:\/\/andreamonda.it\/?p=867#primaryimage"},"image":{"@id":"https:\/\/andreamonda.it\/?p=867#primaryimage"},"thumbnailUrl":"https:\/\/andreamonda.it\/wp-content\/uploads\/2013\/03\/linchino-di-papa-francesco-300x182.png","datePublished":"2013-10-04T06:05:07+00:00","breadcrumb":{"@id":"https:\/\/andreamonda.it\/?p=867#breadcrumb"},"inLanguage":"it-IT","potentialAction":[{"@type":"ReadAction","target":["https:\/\/andreamonda.it\/?p=867"]}]},{"@type":"ImageObject","inLanguage":"it-IT","@id":"https:\/\/andreamonda.it\/?p=867#primaryimage","url":"https:\/\/andreamonda.it\/wp-content\/uploads\/2013\/03\/linchino-di-papa-francesco.png","contentUrl":"https:\/\/andreamonda.it\/wp-content\/uploads\/2013\/03\/linchino-di-papa-francesco.png","width":637,"height":387},{"@type":"BreadcrumbList","@id":"https:\/\/andreamonda.it\/?p=867#breadcrumb","itemListElement":[{"@type":"ListItem","position":1,"name":"Home","item":"https:\/\/andreamonda.it\/"},{"@type":"ListItem","position":2,"name":"6 mesi in tre parole (e un sogno)"}]},{"@type":"WebSite","@id":"https:\/\/andreamonda.it\/#website","url":"https:\/\/andreamonda.it\/","name":"RI-PENSANDO-CI","description":"Il segreto per fare bene il bene \u00e8 farlo insieme. Da soli ci perdiamo, insieme ci salviamo. Anche la sapienza rabbinica ci dice che a cadere siamo bravissimi da soli ma per alzarci abbiamo bisogno della mano di un amico.","publisher":{"@id":"https:\/\/andreamonda.it\/#\/schema\/person\/590cbeb42cfebc67374a49bbd6d3293d"},"potentialAction":[{"@type":"SearchAction","target":{"@type":"EntryPoint","urlTemplate":"https:\/\/andreamonda.it\/?s={search_term_string}"},"query-input":{"@type":"PropertyValueSpecification","valueRequired":true,"valueName":"search_term_string"}}],"inLanguage":"it-IT"},{"@type":["Person","Organization"],"@id":"https:\/\/andreamonda.it\/#\/schema\/person\/590cbeb42cfebc67374a49bbd6d3293d","name":"Andrea Monda","logo":{"@id":"https:\/\/andreamonda.it\/#\/schema\/person\/image\/"},"sameAs":["http:\/\/andreamonda.it"]}]}},"_links":{"self":[{"href":"https:\/\/andreamonda.it\/index.php?rest_route=\/wp\/v2\/posts\/867","targetHints":{"allow":["GET"]}}],"collection":[{"href":"https:\/\/andreamonda.it\/index.php?rest_route=\/wp\/v2\/posts"}],"about":[{"href":"https:\/\/andreamonda.it\/index.php?rest_route=\/wp\/v2\/types\/post"}],"author":[{"embeddable":true,"href":"https:\/\/andreamonda.it\/index.php?rest_route=\/wp\/v2\/users\/2"}],"replies":[{"embeddable":true,"href":"https:\/\/andreamonda.it\/index.php?rest_route=%2Fwp%2Fv2%2Fcomments&post=867"}],"version-history":[{"count":2,"href":"https:\/\/andreamonda.it\/index.php?rest_route=\/wp\/v2\/posts\/867\/revisions"}],"predecessor-version":[{"id":871,"href":"https:\/\/andreamonda.it\/index.php?rest_route=\/wp\/v2\/posts\/867\/revisions\/871"}],"wp:attachment":[{"href":"https:\/\/andreamonda.it\/index.php?rest_route=%2Fwp%2Fv2%2Fmedia&parent=867"}],"wp:term":[{"taxonomy":"category","embeddable":true,"href":"https:\/\/andreamonda.it\/index.php?rest_route=%2Fwp%2Fv2%2Fcategories&post=867"},{"taxonomy":"post_tag","embeddable":true,"href":"https:\/\/andreamonda.it\/index.php?rest_route=%2Fwp%2Fv2%2Ftags&post=867"}],"curies":[{"name":"wp","href":"https:\/\/api.w.org\/{rel}","templated":true}]}}